{"id":9125,"date":"2021-01-29T09:00:54","date_gmt":"2021-01-29T08:00:54","guid":{"rendered":"https:\/\/aulad.com\/blog\/?p=9125"},"modified":"2021-02-09T18:36:31","modified_gmt":"2021-02-09T17:36:31","slug":"nature-espazo-de-aprendizaxe-infantil-proxecto-integrado-de-daniel-rodriguez-estevez","status":"publish","type":"post","link":"https:\/\/aulad.com\/blog\/2021\/01\/29\/nature-espazo-de-aprendizaxe-infantil-proxecto-integrado-de-daniel-rodriguez-estevez\/","title":{"rendered":"NATURE, ESPAZO DE APRENDIZAXE INFANTIL. Proxecto final de Daniel Rodr\u00edguez Est\u00e9vez"},"content":{"rendered":"\n<div class=\"wp-block-image\"><figure class=\"alignleft is-resized\"><img loading=\"lazy\" decoding=\"async\" src=\"https:\/\/aulad.com\/blog\/wp-content\/plugins\/jquery-image-lazy-loading\/images\/grey.gif\" data-original=\"https:\/\/aulad.com\/blog\/wp-content\/uploads\/2021\/01\/dani-1.jpg\" alt=\"\" class=\"lazy wp-image-9136\" width=\"189\" height=\"118\"\/><noscript><img loading=\"lazy\" decoding=\"async\" src=\"https:\/\/aulad.com\/blog\/wp-content\/uploads\/2021\/01\/dani-1.jpg\" alt=\"\" class=\"wp-image-9136\" width=\"189\" height=\"118\" srcset=\"https:\/\/aulad.com\/blog\/wp-content\/uploads\/2021\/01\/dani-1.jpg 450w, https:\/\/aulad.com\/blog\/wp-content\/uploads\/2021\/01\/dani-1-300x188.jpg 300w\" sizes=\"(max-width: 189px) 100vw, 189px\" \/><\/noscript><\/figure><\/div>\n\n\n\n<p>Estamos tan acostumbrados a tenerla ah\u00ed, pasar por delante de ella constantemente, que hemos dejado de darle el valor que se merece, la vemos como algo que forma parte de nuestro entorno, como lo puede ser cualquier mobiliario urbano por ejemplo, es tal nuestro despotismo hacia ella que la utilizamos a nuestro antojo, como si de un objeto sin vida se tratase.<\/p>\n\n\n\n<p style=\"text-align:left\"> <br><strong>\u00bfQu\u00e9 es la naturaleza?<\/strong> <\/p>\n\n\n\n<p>Colocamos plantas en nuestras casas a modo de decoraci\u00f3n, cuando se marchitan, las tiramos y compramos otras, si tenemos un \u00e1rbol en la finca de nuestra casa que nos da una sombra que no nos interesa lo talamos sin ning\u00fan remordimiento de conciencia, y as\u00ed un sin fin de ejemplos que demuestran nuestro mal comportamiento hacia nuestro entorno natural.<\/p>\n\n\n\n<p>Nos hemos olvidado por completo del beneficio que para nuestras vidas la naturaleza nos aporta alargando incluso \u00e9sta. La intervenci\u00f3n del ser humano en la naturaleza ha ido afectando gradualmente a la vida natural en el planeta tierra.<\/p>\n\n\n\n<figure class=\"wp-block-image\"><img decoding=\"async\" src=\"https:\/\/aulad.com\/blog\/wp-content\/plugins\/jquery-image-lazy-loading\/images\/grey.gif\" data-original=\"https:\/\/i0.wp.com\/aulad.com\/blog\/wp-content\/uploads\/2021\/02\/08-1.png?fit=650%2C366&amp;ssl=1\" alt=\"\" class=\"lazy wp-image-9217\"\/><noscript><img loading=\"lazy\" decoding=\"async\" width=\"1024\" height=\"576\" src=\"https:\/\/i0.wp.com\/aulad.com\/blog\/wp-content\/uploads\/2021\/02\/08-1.png?fit=650%2C366&amp;ssl=1\" alt=\"\" class=\"wp-image-9217\" srcset=\"https:\/\/aulad.com\/blog\/wp-content\/uploads\/2021\/02\/08-1.png 1024w, https:\/\/aulad.com\/blog\/wp-content\/uploads\/2021\/02\/08-1-300x169.png 300w, https:\/\/aulad.com\/blog\/wp-content\/uploads\/2021\/02\/08-1-768x432.png 768w, https:\/\/aulad.com\/blog\/wp-content\/uploads\/2021\/02\/08-1-650x366.png 650w\" sizes=\"(max-width: 1024px) 100vw, 1024px\" \/><\/noscript><\/figure>\n\n\n\n<p>La forma es la apariencia externa de las cosas. A trav\u00e9s de ella, podemos obtener informaci\u00f3n sobre todo lo que nos rodea. Nuestro entorno cotidiano est\u00e1 constituido por una multitud de elementos, tanto entornos naturales como artificiales, que tienen distintos aspectos f\u00edsicos, es decir, diferentes formas. <br><\/p>\n\n\n\n<p>La forma es la identidad de cada cosa, es una combinaci\u00f3n de puntos, de l\u00edneas, de planos, de colores, de texturas que originan el aspecto de algo determinado y que lo distinguen de otro objeto o cosa. \u00c9sta en la naturaleza se clasifica atendiendo a los binomios forma-funci\u00f3n, forma-m\u00e9trica y forma complejidad. Una de las formas que nos encontramos en la naturaleza es la fractal, \u00e9sta es autosimilar, es decir, su estructura se repite en escalas progresivamente peque\u00f1as.<\/p>\n\n\n\n<p>La propuesta pretende llevar a cabo la creaci\u00f3n de un espacio donde los aspectos fundamentales sean la presencia de la naturaleza, tanto f\u00edsica como la abstracci\u00f3n de \u00e9sta; la luz natural y artificial, consiguiendo as\u00ed una armon\u00eda entre la luz, la forma y la textura. En este caso el paisaje lo es todo. Se plantea la construcci\u00f3n de una imponente malla espacial haciendo alusi\u00f3n a la forma del \u00e1rbol de una manera simplificada, este \u00e1rbol, se ramifica por todo el espacio creando ecosistemas independientes para cumplir diferentes funciones y actividades. La malla espacial se entiende, por tanto, como un crecimiento org\u00e1nico con brotes sucesivos.<\/p>\n\n\n\n<p>Esta estructura tiene el poder de la ramificaci\u00f3n y dilataci\u00f3n, presentes en la naturaleza, es un elemento que crece y se adapta a las necesidades de los usuarios y del espacio en s\u00ed. Gracias a este ente se generan multiespacios, haciendo que el entorno se adapte a las necesidades de las funciones a realizar en \u00e9l y no lo contrario. Se consigue tambi\u00e9n una interacci\u00f3n a trav\u00e9s de las sombras, con diferentes formas y colores, ya que se crean diferentes piezas que se acoplan en ella obteniendo as\u00ed variadas secuencias sensoriales.<\/p>\n\n\n\n<ul class=\"wp-block-gallery columns-2 is-cropped wp-block-gallery-1 is-layout-flex wp-block-gallery-is-layout-flex\"><li class=\"blocks-gallery-item\"><figure><a href=\"https:\/\/i1.wp.com\/aulad.com\/blog\/wp-content\/uploads\/2021\/02\/06.png?fit=650%2C366&amp;ssl=1\" rel=\"lightbox[9125]\"><img decoding=\"async\" src=\"https:\/\/aulad.com\/blog\/wp-content\/plugins\/jquery-image-lazy-loading\/images\/grey.gif\" data-original=\"https:\/\/i1.wp.com\/aulad.com\/blog\/wp-content\/uploads\/2021\/02\/06.png?fit=650%2C366&amp;ssl=1\" alt=\"\" data-id=\"9203\" data-link=\"https:\/\/aulad.com\/blog\/2021\/01\/29\/nature-espazo-de-aprendizaxe-infantil-proxecto-integrado-de-daniel-rodriguez-estevez\/06-24\/\" class=\"lazy wp-image-9203\"\/><noscript><img loading=\"lazy\" decoding=\"async\" width=\"1024\" height=\"576\" src=\"https:\/\/i1.wp.com\/aulad.com\/blog\/wp-content\/uploads\/2021\/02\/06.png?fit=650%2C366&amp;ssl=1\" alt=\"\" data-id=\"9203\" data-link=\"https:\/\/aulad.com\/blog\/2021\/01\/29\/nature-espazo-de-aprendizaxe-infantil-proxecto-integrado-de-daniel-rodriguez-estevez\/06-24\/\" class=\"wp-image-9203\" srcset=\"https:\/\/aulad.com\/blog\/wp-content\/uploads\/2021\/02\/06.png 1024w, https:\/\/aulad.com\/blog\/wp-content\/uploads\/2021\/02\/06-300x169.png 300w, https:\/\/aulad.com\/blog\/wp-content\/uploads\/2021\/02\/06-768x432.png 768w, https:\/\/aulad.com\/blog\/wp-content\/uploads\/2021\/02\/06-650x366.png 650w\" sizes=\"(max-width: 1024px) 100vw, 1024px\" \/><\/noscript><\/a><\/figure><\/li><li class=\"blocks-gallery-item\"><figure><a href=\"https:\/\/i1.wp.com\/aulad.com\/blog\/wp-content\/uploads\/2021\/02\/07.png?fit=650%2C366&amp;ssl=1\" rel=\"lightbox[9125]\"><img decoding=\"async\" src=\"https:\/\/aulad.com\/blog\/wp-content\/plugins\/jquery-image-lazy-loading\/images\/grey.gif\" data-original=\"https:\/\/i1.wp.com\/aulad.com\/blog\/wp-content\/uploads\/2021\/02\/07.png?fit=650%2C366&amp;ssl=1\" alt=\"\" data-id=\"9204\" data-link=\"https:\/\/aulad.com\/blog\/2021\/01\/29\/nature-espazo-de-aprendizaxe-infantil-proxecto-integrado-de-daniel-rodriguez-estevez\/07-24\/\" class=\"lazy wp-image-9204\"\/><noscript><img loading=\"lazy\" decoding=\"async\" width=\"1024\" height=\"576\" src=\"https:\/\/i1.wp.com\/aulad.com\/blog\/wp-content\/uploads\/2021\/02\/07.png?fit=650%2C366&amp;ssl=1\" alt=\"\" data-id=\"9204\" data-link=\"https:\/\/aulad.com\/blog\/2021\/01\/29\/nature-espazo-de-aprendizaxe-infantil-proxecto-integrado-de-daniel-rodriguez-estevez\/07-24\/\" class=\"wp-image-9204\" srcset=\"https:\/\/aulad.com\/blog\/wp-content\/uploads\/2021\/02\/07.png 1024w, https:\/\/aulad.com\/blog\/wp-content\/uploads\/2021\/02\/07-300x169.png 300w, https:\/\/aulad.com\/blog\/wp-content\/uploads\/2021\/02\/07-768x432.png 768w, https:\/\/aulad.com\/blog\/wp-content\/uploads\/2021\/02\/07-650x366.png 650w\" sizes=\"(max-width: 1024px) 100vw, 1024px\" \/><\/noscript><\/a><\/figure><\/li><\/ul>\n\n\n\n<ul class=\"wp-block-gallery columns-3 is-cropped wp-block-gallery-2 is-layout-flex wp-block-gallery-is-layout-flex\"><li class=\"blocks-gallery-item\"><figure><a href=\"https:\/\/i0.wp.com\/aulad.com\/blog\/wp-content\/uploads\/2021\/02\/13.png?fit=650%2C366&amp;ssl=1\" rel=\"lightbox[9125]\"><img decoding=\"async\" src=\"https:\/\/aulad.com\/blog\/wp-content\/plugins\/jquery-image-lazy-loading\/images\/grey.gif\" data-original=\"https:\/\/i0.wp.com\/aulad.com\/blog\/wp-content\/uploads\/2021\/02\/13.png?fit=650%2C366&amp;ssl=1\" alt=\"\" data-id=\"9209\" data-link=\"https:\/\/aulad.com\/blog\/2021\/01\/29\/nature-espazo-de-aprendizaxe-infantil-proxecto-integrado-de-daniel-rodriguez-estevez\/13-14\/\" class=\"lazy wp-image-9209\"\/><noscript><img loading=\"lazy\" decoding=\"async\" width=\"1024\" height=\"576\" src=\"https:\/\/i0.wp.com\/aulad.com\/blog\/wp-content\/uploads\/2021\/02\/13.png?fit=650%2C366&amp;ssl=1\" alt=\"\" data-id=\"9209\" data-link=\"https:\/\/aulad.com\/blog\/2021\/01\/29\/nature-espazo-de-aprendizaxe-infantil-proxecto-integrado-de-daniel-rodriguez-estevez\/13-14\/\" class=\"wp-image-9209\" srcset=\"https:\/\/aulad.com\/blog\/wp-content\/uploads\/2021\/02\/13.png 1024w, https:\/\/aulad.com\/blog\/wp-content\/uploads\/2021\/02\/13-300x169.png 300w, https:\/\/aulad.com\/blog\/wp-content\/uploads\/2021\/02\/13-768x432.png 768w, https:\/\/aulad.com\/blog\/wp-content\/uploads\/2021\/02\/13-650x366.png 650w\" sizes=\"(max-width: 1024px) 100vw, 1024px\" \/><\/noscript><\/a><\/figure><\/li><li class=\"blocks-gallery-item\"><figure><a href=\"https:\/\/i1.wp.com\/aulad.com\/blog\/wp-content\/uploads\/2021\/02\/09-1.png?fit=650%2C366&amp;ssl=1\" rel=\"lightbox[9125]\"><img decoding=\"async\" src=\"https:\/\/aulad.com\/blog\/wp-content\/plugins\/jquery-image-lazy-loading\/images\/grey.gif\" data-original=\"https:\/\/i1.wp.com\/aulad.com\/blog\/wp-content\/uploads\/2021\/02\/09-1.png?fit=650%2C366&amp;ssl=1\" alt=\"\" data-id=\"9212\" data-link=\"https:\/\/aulad.com\/blog\/2021\/01\/29\/nature-espazo-de-aprendizaxe-infantil-proxecto-integrado-de-daniel-rodriguez-estevez\/09-26\/\" class=\"lazy wp-image-9212\"\/><noscript><img loading=\"lazy\" decoding=\"async\" width=\"1024\" height=\"576\" src=\"https:\/\/i1.wp.com\/aulad.com\/blog\/wp-content\/uploads\/2021\/02\/09-1.png?fit=650%2C366&amp;ssl=1\" alt=\"\" data-id=\"9212\" data-link=\"https:\/\/aulad.com\/blog\/2021\/01\/29\/nature-espazo-de-aprendizaxe-infantil-proxecto-integrado-de-daniel-rodriguez-estevez\/09-26\/\" class=\"wp-image-9212\" srcset=\"https:\/\/aulad.com\/blog\/wp-content\/uploads\/2021\/02\/09-1.png 1024w, https:\/\/aulad.com\/blog\/wp-content\/uploads\/2021\/02\/09-1-300x169.png 300w, https:\/\/aulad.com\/blog\/wp-content\/uploads\/2021\/02\/09-1-768x432.png 768w, https:\/\/aulad.com\/blog\/wp-content\/uploads\/2021\/02\/09-1-650x366.png 650w\" sizes=\"(max-width: 1024px) 100vw, 1024px\" \/><\/noscript><\/a><\/figure><\/li><li class=\"blocks-gallery-item\"><figure><a href=\"https:\/\/i0.wp.com\/aulad.com\/blog\/wp-content\/uploads\/2021\/02\/11-1.png?fit=650%2C366&amp;ssl=1\" rel=\"lightbox[9125]\"><img decoding=\"async\" src=\"https:\/\/aulad.com\/blog\/wp-content\/plugins\/jquery-image-lazy-loading\/images\/grey.gif\" data-original=\"https:\/\/i0.wp.com\/aulad.com\/blog\/wp-content\/uploads\/2021\/02\/11-1.png?fit=650%2C366&amp;ssl=1\" alt=\"\" data-id=\"9213\" data-link=\"https:\/\/aulad.com\/blog\/2021\/01\/29\/nature-espazo-de-aprendizaxe-infantil-proxecto-integrado-de-daniel-rodriguez-estevez\/11-21\/\" class=\"lazy wp-image-9213\"\/><noscript><img loading=\"lazy\" decoding=\"async\" width=\"1024\" height=\"576\" src=\"https:\/\/i0.wp.com\/aulad.com\/blog\/wp-content\/uploads\/2021\/02\/11-1.png?fit=650%2C366&amp;ssl=1\" alt=\"\" data-id=\"9213\" data-link=\"https:\/\/aulad.com\/blog\/2021\/01\/29\/nature-espazo-de-aprendizaxe-infantil-proxecto-integrado-de-daniel-rodriguez-estevez\/11-21\/\" class=\"wp-image-9213\" srcset=\"https:\/\/aulad.com\/blog\/wp-content\/uploads\/2021\/02\/11-1.png 1024w, https:\/\/aulad.com\/blog\/wp-content\/uploads\/2021\/02\/11-1-300x169.png 300w, https:\/\/aulad.com\/blog\/wp-content\/uploads\/2021\/02\/11-1-768x432.png 768w, https:\/\/aulad.com\/blog\/wp-content\/uploads\/2021\/02\/11-1-650x366.png 650w\" sizes=\"(max-width: 1024px) 100vw, 1024px\" \/><\/noscript><\/a><\/figure><\/li><li class=\"blocks-gallery-item\"><figure><a href=\"https:\/\/i1.wp.com\/aulad.com\/blog\/wp-content\/uploads\/2021\/02\/14-1.png?fit=650%2C366&amp;ssl=1\" rel=\"lightbox[9125]\"><img decoding=\"async\" src=\"https:\/\/aulad.com\/blog\/wp-content\/plugins\/jquery-image-lazy-loading\/images\/grey.gif\" data-original=\"https:\/\/i1.wp.com\/aulad.com\/blog\/wp-content\/uploads\/2021\/02\/14-1.png?fit=650%2C366&amp;ssl=1\" alt=\"\" data-id=\"9216\" data-link=\"https:\/\/aulad.com\/blog\/2021\/01\/29\/nature-espazo-de-aprendizaxe-infantil-proxecto-integrado-de-daniel-rodriguez-estevez\/14-14\/\" class=\"lazy wp-image-9216\"\/><noscript><img loading=\"lazy\" decoding=\"async\" width=\"1024\" height=\"576\" src=\"https:\/\/i1.wp.com\/aulad.com\/blog\/wp-content\/uploads\/2021\/02\/14-1.png?fit=650%2C366&amp;ssl=1\" alt=\"\" data-id=\"9216\" data-link=\"https:\/\/aulad.com\/blog\/2021\/01\/29\/nature-espazo-de-aprendizaxe-infantil-proxecto-integrado-de-daniel-rodriguez-estevez\/14-14\/\" class=\"wp-image-9216\" srcset=\"https:\/\/aulad.com\/blog\/wp-content\/uploads\/2021\/02\/14-1.png 1024w, https:\/\/aulad.com\/blog\/wp-content\/uploads\/2021\/02\/14-1-300x169.png 300w, https:\/\/aulad.com\/blog\/wp-content\/uploads\/2021\/02\/14-1-768x432.png 768w, https:\/\/aulad.com\/blog\/wp-content\/uploads\/2021\/02\/14-1-650x366.png 650w\" sizes=\"(max-width: 1024px) 100vw, 1024px\" \/><\/noscript><\/a><\/figure><\/li><li class=\"blocks-gallery-item\"><figure><a href=\"https:\/\/i0.wp.com\/aulad.com\/blog\/wp-content\/uploads\/2021\/02\/12-2.png?fit=650%2C366&amp;ssl=1\" rel=\"lightbox[9125]\"><img decoding=\"async\" src=\"https:\/\/aulad.com\/blog\/wp-content\/plugins\/jquery-image-lazy-loading\/images\/grey.gif\" data-original=\"https:\/\/i0.wp.com\/aulad.com\/blog\/wp-content\/uploads\/2021\/02\/12-2.png?fit=650%2C366&amp;ssl=1\" alt=\"\" data-id=\"9218\" data-link=\"https:\/\/aulad.com\/blog\/2021\/01\/29\/nature-espazo-de-aprendizaxe-infantil-proxecto-integrado-de-daniel-rodriguez-estevez\/12-21\/\" class=\"lazy wp-image-9218\"\/><noscript><img loading=\"lazy\" decoding=\"async\" width=\"1024\" height=\"576\" src=\"https:\/\/i0.wp.com\/aulad.com\/blog\/wp-content\/uploads\/2021\/02\/12-2.png?fit=650%2C366&amp;ssl=1\" alt=\"\" data-id=\"9218\" data-link=\"https:\/\/aulad.com\/blog\/2021\/01\/29\/nature-espazo-de-aprendizaxe-infantil-proxecto-integrado-de-daniel-rodriguez-estevez\/12-21\/\" class=\"wp-image-9218\" srcset=\"https:\/\/aulad.com\/blog\/wp-content\/uploads\/2021\/02\/12-2.png 1024w, https:\/\/aulad.com\/blog\/wp-content\/uploads\/2021\/02\/12-2-300x169.png 300w, https:\/\/aulad.com\/blog\/wp-content\/uploads\/2021\/02\/12-2-768x432.png 768w, https:\/\/aulad.com\/blog\/wp-content\/uploads\/2021\/02\/12-2-650x366.png 650w\" sizes=\"(max-width: 1024px) 100vw, 1024px\" \/><\/noscript><\/a><\/figure><\/li><li class=\"blocks-gallery-item\"><figure><a href=\"https:\/\/i2.wp.com\/aulad.com\/blog\/wp-content\/uploads\/2021\/02\/13-1.png?fit=650%2C366&amp;ssl=1\" rel=\"lightbox[9125]\"><img decoding=\"async\" src=\"https:\/\/aulad.com\/blog\/wp-content\/plugins\/jquery-image-lazy-loading\/images\/grey.gif\" data-original=\"https:\/\/i2.wp.com\/aulad.com\/blog\/wp-content\/uploads\/2021\/02\/13-1.png?fit=650%2C366&amp;ssl=1\" alt=\"\" data-id=\"9219\" data-link=\"https:\/\/aulad.com\/blog\/2021\/01\/29\/nature-espazo-de-aprendizaxe-infantil-proxecto-integrado-de-daniel-rodriguez-estevez\/13-15\/\" class=\"lazy wp-image-9219\"\/><noscript><img loading=\"lazy\" decoding=\"async\" width=\"1024\" height=\"576\" src=\"https:\/\/i2.wp.com\/aulad.com\/blog\/wp-content\/uploads\/2021\/02\/13-1.png?fit=650%2C366&amp;ssl=1\" alt=\"\" data-id=\"9219\" data-link=\"https:\/\/aulad.com\/blog\/2021\/01\/29\/nature-espazo-de-aprendizaxe-infantil-proxecto-integrado-de-daniel-rodriguez-estevez\/13-15\/\" class=\"wp-image-9219\" srcset=\"https:\/\/aulad.com\/blog\/wp-content\/uploads\/2021\/02\/13-1.png 1024w, https:\/\/aulad.com\/blog\/wp-content\/uploads\/2021\/02\/13-1-300x169.png 300w, https:\/\/aulad.com\/blog\/wp-content\/uploads\/2021\/02\/13-1-768x432.png 768w, https:\/\/aulad.com\/blog\/wp-content\/uploads\/2021\/02\/13-1-650x366.png 650w\" sizes=\"(max-width: 1024px) 100vw, 1024px\" \/><\/noscript><\/a><\/figure><\/li><\/ul>\n\n\n\n<p>El juego ser\u00e1 el motor principal para desarrollar esta multifuncionalidad. \u00c9ste se consigue gracias al f\u00e1cil manejo de la estructura planteada. Los usuarios tendr\u00e1n la capacidad de modi\udbc0\udcc0 car el espacio creando ellos mismos diferentes funcionalidades.<\/p>\n\n\n\n<p>Debemos recordar que trabajamos para generar un entorno adecuado para poder ser disfrutado. El local se resuelve con un programa funcional muy sencillo con una soluci\u00f3n sincera mediante una di\u00e1fana zona central volcada a la malla espacial, con unos espacios intermedios que resuelven las zonas h\u00famedas y de servicio para los distintos talleres, orientados generosamente hacia el espacio central.<br><\/p>\n\n\n\n<ul class=\"wp-block-gallery columns-1 is-cropped wp-block-gallery-3 is-layout-flex wp-block-gallery-is-layout-flex\"><li class=\"blocks-gallery-item\"><figure><a href=\"https:\/\/i2.wp.com\/aulad.com\/blog\/wp-content\/uploads\/2021\/01\/06_Planta-Baja.jpg?fit=650%2C460&amp;ssl=1\" rel=\"lightbox[9125]\"><img decoding=\"async\" src=\"https:\/\/aulad.com\/blog\/wp-content\/plugins\/jquery-image-lazy-loading\/images\/grey.gif\" data-original=\"https:\/\/i2.wp.com\/aulad.com\/blog\/wp-content\/uploads\/2021\/01\/06_Planta-Baja.jpg?fit=650%2C460&amp;ssl=1\" alt=\"\" data-id=\"9129\" class=\"lazy wp-image-9129\"\/><noscript><img loading=\"lazy\" decoding=\"async\" width=\"1024\" height=\"724\" src=\"https:\/\/i2.wp.com\/aulad.com\/blog\/wp-content\/uploads\/2021\/01\/06_Planta-Baja.jpg?fit=650%2C460&amp;ssl=1\" alt=\"\" data-id=\"9129\" class=\"wp-image-9129\" srcset=\"https:\/\/aulad.com\/blog\/wp-content\/uploads\/2021\/01\/06_Planta-Baja.jpg 1024w, https:\/\/aulad.com\/blog\/wp-content\/uploads\/2021\/01\/06_Planta-Baja-300x212.jpg 300w, https:\/\/aulad.com\/blog\/wp-content\/uploads\/2021\/01\/06_Planta-Baja-768x543.jpg 768w, https:\/\/aulad.com\/blog\/wp-content\/uploads\/2021\/01\/06_Planta-Baja-650x460.jpg 650w\" sizes=\"(max-width: 1024px) 100vw, 1024px\" \/><\/noscript><\/a><\/figure><\/li><\/ul>\n\n\n\n<figure class=\"wp-block-image\"><a href=\"https:\/\/aulad.com\/blog\/wp-content\/uploads\/2021\/01\/07_Planta-Semis\u00f3tano-1.jpg\" rel=\"lightbox[9125]\"><img decoding=\"async\" src=\"https:\/\/aulad.com\/blog\/wp-content\/plugins\/jquery-image-lazy-loading\/images\/grey.gif\" data-original=\"https:\/\/i1.wp.com\/aulad.com\/blog\/wp-content\/uploads\/2021\/01\/07_Planta-Semis\u00f3tano-1.jpg?fit=650%2C460&amp;ssl=1\" alt=\"\" class=\"lazy wp-image-9131\"\/><noscript><img loading=\"lazy\" decoding=\"async\" width=\"1024\" height=\"724\" src=\"https:\/\/i1.wp.com\/aulad.com\/blog\/wp-content\/uploads\/2021\/01\/07_Planta-Semis\u00f3tano-1.jpg?fit=650%2C460&amp;ssl=1\" alt=\"\" class=\"wp-image-9131\" srcset=\"https:\/\/aulad.com\/blog\/wp-content\/uploads\/2021\/01\/07_Planta-Semis\u00f3tano-1.jpg 1024w, https:\/\/aulad.com\/blog\/wp-content\/uploads\/2021\/01\/07_Planta-Semis\u00f3tano-1-300x212.jpg 300w, https:\/\/aulad.com\/blog\/wp-content\/uploads\/2021\/01\/07_Planta-Semis\u00f3tano-1-768x543.jpg 768w, https:\/\/aulad.com\/blog\/wp-content\/uploads\/2021\/01\/07_Planta-Semis\u00f3tano-1-650x460.jpg 650w\" sizes=\"(max-width: 1024px) 100vw, 1024px\" \/><\/noscript><\/a><\/figure>\n\n\n\n<figure class=\"wp-block-image\"><a href=\"https:\/\/aulad.com\/blog\/wp-content\/uploads\/2021\/01\/08_Secciones-Longitudinales.jpg\" rel=\"lightbox[9125]\"><img decoding=\"async\" src=\"https:\/\/aulad.com\/blog\/wp-content\/plugins\/jquery-image-lazy-loading\/images\/grey.gif\" data-original=\"https:\/\/i0.wp.com\/aulad.com\/blog\/wp-content\/uploads\/2021\/01\/08_Secciones-Longitudinales.jpg?fit=650%2C460&amp;ssl=1\" alt=\"\" class=\"lazy wp-image-9132\"\/><noscript><img loading=\"lazy\" decoding=\"async\" width=\"1024\" height=\"724\" src=\"https:\/\/i0.wp.com\/aulad.com\/blog\/wp-content\/uploads\/2021\/01\/08_Secciones-Longitudinales.jpg?fit=650%2C460&amp;ssl=1\" alt=\"\" class=\"wp-image-9132\" srcset=\"https:\/\/aulad.com\/blog\/wp-content\/uploads\/2021\/01\/08_Secciones-Longitudinales.jpg 1024w, https:\/\/aulad.com\/blog\/wp-content\/uploads\/2021\/01\/08_Secciones-Longitudinales-300x212.jpg 300w, https:\/\/aulad.com\/blog\/wp-content\/uploads\/2021\/01\/08_Secciones-Longitudinales-768x543.jpg 768w, https:\/\/aulad.com\/blog\/wp-content\/uploads\/2021\/01\/08_Secciones-Longitudinales-650x460.jpg 650w\" sizes=\"(max-width: 1024px) 100vw, 1024px\" \/><\/noscript><\/a><\/figure>\n\n\n\n<figure class=\"wp-block-image\"><a href=\"https:\/\/aulad.com\/blog\/wp-content\/uploads\/2021\/01\/09_Secciones-Transversales.jpg\" rel=\"lightbox[9125]\"><img decoding=\"async\" src=\"https:\/\/aulad.com\/blog\/wp-content\/plugins\/jquery-image-lazy-loading\/images\/grey.gif\" data-original=\"https:\/\/i1.wp.com\/aulad.com\/blog\/wp-content\/uploads\/2021\/01\/09_Secciones-Transversales.jpg?fit=650%2C460&amp;ssl=1\" alt=\"\" class=\"lazy wp-image-9133\"\/><noscript><img loading=\"lazy\" decoding=\"async\" width=\"1024\" height=\"724\" src=\"https:\/\/i1.wp.com\/aulad.com\/blog\/wp-content\/uploads\/2021\/01\/09_Secciones-Transversales.jpg?fit=650%2C460&amp;ssl=1\" alt=\"\" class=\"wp-image-9133\" srcset=\"https:\/\/aulad.com\/blog\/wp-content\/uploads\/2021\/01\/09_Secciones-Transversales.jpg 1024w, https:\/\/aulad.com\/blog\/wp-content\/uploads\/2021\/01\/09_Secciones-Transversales-300x212.jpg 300w, https:\/\/aulad.com\/blog\/wp-content\/uploads\/2021\/01\/09_Secciones-Transversales-768x543.jpg 768w, https:\/\/aulad.com\/blog\/wp-content\/uploads\/2021\/01\/09_Secciones-Transversales-650x460.jpg 650w\" sizes=\"(max-width: 1024px) 100vw, 1024px\" \/><\/noscript><\/a><\/figure>\n\n\n\n<p>En definitiva, la propuesta busca una neutralidad con el entorno, siendo la malla esa figura que siempre ser\u00e1 el paisaje de Nature, acompa\u00f1ando ese deseo de buscar calma y abstracci\u00f3n.<br><\/p>\n\n\n\n<p style=\"text-align:right\">\u00ab Deja que la naturaleza sea tu maestra \u00bb <br>William Wordsworth <\/p>\n\n\n\n<p style=\"text-align:right\">EAI, Daniel Rodr\u00edguez Est\u00e9vez.<br><\/p>\n","protected":false},"excerpt":{"rendered":"<p>Estamos tan acostumbrados a tenerla ah\u00ed, pasar por delante de ella constantemente, que hemos dejado de darle el valor que se merece, la vemos como algo que forma parte de nuestro entorno, como lo puede ser cualquier mobiliario urbano por ejemplo, es tal nuestro despotismo hacia ella que la utilizamos a nuestro antojo, como si [&hellip;]<\/p>\n","protected":false},"author":1,"featured_media":0,"comment_status":"open","ping_status":"open","sticky":false,"template":"","format":"standard","meta":{"footnotes":""},"categories":[20,21],"tags":[73,38,92,51],"_links":{"self":[{"href":"https:\/\/aulad.com\/blog\/wp-json\/wp\/v2\/posts\/9125"}],"collection":[{"href":"https:\/\/aulad.com\/blog\/wp-json\/wp\/v2\/posts"}],"about":[{"href":"https:\/\/aulad.com\/blog\/wp-json\/wp\/v2\/types\/post"}],"author":[{"embeddable":true,"href":"https:\/\/aulad.com\/blog\/wp-json\/wp\/v2\/users\/1"}],"replies":[{"embeddable":true,"href":"https:\/\/aulad.com\/blog\/wp-json\/wp\/v2\/comments?post=9125"}],"version-history":[{"count":8,"href":"https:\/\/aulad.com\/blog\/wp-json\/wp\/v2\/posts\/9125\/revisions"}],"predecessor-version":[{"id":9220,"href":"https:\/\/aulad.com\/blog\/wp-json\/wp\/v2\/posts\/9125\/revisions\/9220"}],"wp:attachment":[{"href":"https:\/\/aulad.com\/blog\/wp-json\/wp\/v2\/media?parent=9125"}],"wp:term":[{"taxonomy":"category","embeddable":true,"href":"https:\/\/aulad.com\/blog\/wp-json\/wp\/v2\/categories?post=9125"},{"taxonomy":"post_tag","embeddable":true,"href":"https:\/\/aulad.com\/blog\/wp-json\/wp\/v2\/tags?post=9125"}],"curies":[{"name":"wp","href":"https:\/\/api.w.org\/{rel}","templated":true}]}}