{"id":9050,"date":"2020-08-05T09:00:13","date_gmt":"2020-08-05T07:00:13","guid":{"rendered":"https:\/\/aulad.com\/blog\/?p=9050"},"modified":"2021-01-28T18:34:57","modified_gmt":"2021-01-28T17:34:57","slug":"illas-atlanticas-patrimonio-da-humanidade-proxecto-integrado-de-javier-vazquez-pires","status":"publish","type":"post","link":"https:\/\/aulad.com\/blog\/2020\/08\/05\/illas-atlanticas-patrimonio-da-humanidade-proxecto-integrado-de-javier-vazquez-pires\/","title":{"rendered":"ILLAS ATL\u00c1NTICAS, PATRIMONIO DA HUMANIDADE. Proxecto final de Javier V\u00e1zquez Pires"},"content":{"rendered":"\n<p>\u00abLa propuesta <strong>C\u00edes Sostenible<\/strong> tiene como punto de partida establecer un conjunto propio y \u00fanico del archipi\u00e9lago, fruto de la adaptaci\u00f3n y respeto el entorno y del terreno, configurando los espacios en funci\u00f3n de sus caracter\u00edsticas y su movimiento. Adem\u00e1s gran parte del grueso del proyecto se levanta con materiales ya existentes en la zona,&nbsp; como la piedra gran\u00edtica rescatada de la antigua construcci\u00f3n existente en el solar de intervenci\u00f3n, o la madera de eucalipto, una especie no aut\u00f3ctona que est\u00e1 consumiendo gran parte del agua dulce de las islas,&nbsp; que ya de por si es escasa. <br><\/p>\n\n\n\n<ul class=\"wp-block-gallery columns-3 is-cropped wp-block-gallery-1 is-layout-flex wp-block-gallery-is-layout-flex\"><li class=\"blocks-gallery-item\"><figure><img decoding=\"async\" src=\"https:\/\/aulad.com\/blog\/wp-content\/plugins\/jquery-image-lazy-loading\/images\/grey.gif\" data-original=\"https:\/\/i2.wp.com\/aulad.com\/blog\/wp-content\/uploads\/2020\/08\/VISTA-PRINCIPAL-TRASERA-1.jpg?fit=650%2C368&amp;ssl=1\" alt=\"\" data-id=\"9060\" data-link=\"https:\/\/aulad.com\/blog\/?attachment_id=9060\" class=\"lazy wp-image-9060\"\/><noscript><img loading=\"lazy\" decoding=\"async\" width=\"1024\" height=\"580\" src=\"https:\/\/i2.wp.com\/aulad.com\/blog\/wp-content\/uploads\/2020\/08\/VISTA-PRINCIPAL-TRASERA-1.jpg?fit=650%2C368&amp;ssl=1\" alt=\"\" data-id=\"9060\" data-link=\"https:\/\/aulad.com\/blog\/?attachment_id=9060\" class=\"wp-image-9060\" srcset=\"https:\/\/aulad.com\/blog\/wp-content\/uploads\/2020\/08\/VISTA-PRINCIPAL-TRASERA-1.jpg 1024w, https:\/\/aulad.com\/blog\/wp-content\/uploads\/2020\/08\/VISTA-PRINCIPAL-TRASERA-1-300x170.jpg 300w, https:\/\/aulad.com\/blog\/wp-content\/uploads\/2020\/08\/VISTA-PRINCIPAL-TRASERA-1-768x435.jpg 768w, https:\/\/aulad.com\/blog\/wp-content\/uploads\/2020\/08\/VISTA-PRINCIPAL-TRASERA-1-650x368.jpg 650w\" sizes=\"(max-width: 1024px) 100vw, 1024px\" \/><\/noscript><\/figure><\/li><li class=\"blocks-gallery-item\"><figure><img decoding=\"async\" src=\"https:\/\/aulad.com\/blog\/wp-content\/plugins\/jquery-image-lazy-loading\/images\/grey.gif\" data-original=\"https:\/\/i0.wp.com\/aulad.com\/blog\/wp-content\/uploads\/2020\/08\/VISTA-PRINCIPAL-1.jpg?fit=650%2C368&amp;ssl=1\" alt=\"\" data-id=\"9061\" data-link=\"https:\/\/aulad.com\/blog\/?attachment_id=9061\" class=\"lazy wp-image-9061\"\/><noscript><img loading=\"lazy\" decoding=\"async\" width=\"1024\" height=\"580\" src=\"https:\/\/i0.wp.com\/aulad.com\/blog\/wp-content\/uploads\/2020\/08\/VISTA-PRINCIPAL-1.jpg?fit=650%2C368&amp;ssl=1\" alt=\"\" data-id=\"9061\" data-link=\"https:\/\/aulad.com\/blog\/?attachment_id=9061\" class=\"wp-image-9061\" srcset=\"https:\/\/aulad.com\/blog\/wp-content\/uploads\/2020\/08\/VISTA-PRINCIPAL-1.jpg 1024w, https:\/\/aulad.com\/blog\/wp-content\/uploads\/2020\/08\/VISTA-PRINCIPAL-1-300x170.jpg 300w, https:\/\/aulad.com\/blog\/wp-content\/uploads\/2020\/08\/VISTA-PRINCIPAL-1-768x435.jpg 768w, https:\/\/aulad.com\/blog\/wp-content\/uploads\/2020\/08\/VISTA-PRINCIPAL-1-650x368.jpg 650w\" sizes=\"(max-width: 1024px) 100vw, 1024px\" \/><\/noscript><\/figure><\/li><li class=\"blocks-gallery-item\"><figure><img decoding=\"async\" src=\"https:\/\/aulad.com\/blog\/wp-content\/plugins\/jquery-image-lazy-loading\/images\/grey.gif\" data-original=\"https:\/\/i2.wp.com\/aulad.com\/blog\/wp-content\/uploads\/2020\/08\/EMBARCADERO-1.jpg?fit=650%2C368&amp;ssl=1\" alt=\"\" data-id=\"9062\" data-link=\"https:\/\/aulad.com\/blog\/?attachment_id=9062\" class=\"lazy wp-image-9062\"\/><noscript><img loading=\"lazy\" decoding=\"async\" width=\"1024\" height=\"580\" src=\"https:\/\/i2.wp.com\/aulad.com\/blog\/wp-content\/uploads\/2020\/08\/EMBARCADERO-1.jpg?fit=650%2C368&amp;ssl=1\" alt=\"\" data-id=\"9062\" data-link=\"https:\/\/aulad.com\/blog\/?attachment_id=9062\" class=\"wp-image-9062\" srcset=\"https:\/\/aulad.com\/blog\/wp-content\/uploads\/2020\/08\/EMBARCADERO-1.jpg 1024w, https:\/\/aulad.com\/blog\/wp-content\/uploads\/2020\/08\/EMBARCADERO-1-300x170.jpg 300w, https:\/\/aulad.com\/blog\/wp-content\/uploads\/2020\/08\/EMBARCADERO-1-768x435.jpg 768w, https:\/\/aulad.com\/blog\/wp-content\/uploads\/2020\/08\/EMBARCADERO-1-650x368.jpg 650w\" sizes=\"(max-width: 1024px) 100vw, 1024px\" \/><\/noscript><\/figure><\/li><li class=\"blocks-gallery-item\"><figure><img decoding=\"async\" src=\"https:\/\/aulad.com\/blog\/wp-content\/plugins\/jquery-image-lazy-loading\/images\/grey.gif\" data-original=\"https:\/\/i2.wp.com\/aulad.com\/blog\/wp-content\/uploads\/2020\/08\/EMBARCADERO-2.jpg?fit=650%2C368&amp;ssl=1\" alt=\"\" data-id=\"9064\" data-link=\"https:\/\/aulad.com\/blog\/?attachment_id=9064\" class=\"lazy wp-image-9064\"\/><noscript><img loading=\"lazy\" decoding=\"async\" width=\"1024\" height=\"580\" src=\"https:\/\/i2.wp.com\/aulad.com\/blog\/wp-content\/uploads\/2020\/08\/EMBARCADERO-2.jpg?fit=650%2C368&amp;ssl=1\" alt=\"\" data-id=\"9064\" data-link=\"https:\/\/aulad.com\/blog\/?attachment_id=9064\" class=\"wp-image-9064\" srcset=\"https:\/\/aulad.com\/blog\/wp-content\/uploads\/2020\/08\/EMBARCADERO-2.jpg 1024w, https:\/\/aulad.com\/blog\/wp-content\/uploads\/2020\/08\/EMBARCADERO-2-300x170.jpg 300w, https:\/\/aulad.com\/blog\/wp-content\/uploads\/2020\/08\/EMBARCADERO-2-768x435.jpg 768w, https:\/\/aulad.com\/blog\/wp-content\/uploads\/2020\/08\/EMBARCADERO-2-650x368.jpg 650w\" sizes=\"(max-width: 1024px) 100vw, 1024px\" \/><\/noscript><\/figure><\/li><li class=\"blocks-gallery-item\"><figure><img decoding=\"async\" src=\"https:\/\/aulad.com\/blog\/wp-content\/plugins\/jquery-image-lazy-loading\/images\/grey.gif\" data-original=\"https:\/\/i0.wp.com\/aulad.com\/blog\/wp-content\/uploads\/2020\/08\/OBSERVATORIO-exterior-1.jpg?fit=650%2C434&amp;ssl=1\" alt=\"\" data-id=\"9065\" data-link=\"https:\/\/aulad.com\/blog\/?attachment_id=9065\" class=\"lazy wp-image-9065\"\/><noscript><img loading=\"lazy\" decoding=\"async\" width=\"1024\" height=\"683\" src=\"https:\/\/i0.wp.com\/aulad.com\/blog\/wp-content\/uploads\/2020\/08\/OBSERVATORIO-exterior-1.jpg?fit=650%2C434&amp;ssl=1\" alt=\"\" data-id=\"9065\" data-link=\"https:\/\/aulad.com\/blog\/?attachment_id=9065\" class=\"wp-image-9065\" srcset=\"https:\/\/aulad.com\/blog\/wp-content\/uploads\/2020\/08\/OBSERVATORIO-exterior-1.jpg 1024w, https:\/\/aulad.com\/blog\/wp-content\/uploads\/2020\/08\/OBSERVATORIO-exterior-1-300x200.jpg 300w, https:\/\/aulad.com\/blog\/wp-content\/uploads\/2020\/08\/OBSERVATORIO-exterior-1-768x512.jpg 768w, https:\/\/aulad.com\/blog\/wp-content\/uploads\/2020\/08\/OBSERVATORIO-exterior-1-650x433.jpg 650w\" sizes=\"(max-width: 1024px) 100vw, 1024px\" \/><\/noscript><\/figure><\/li><li class=\"blocks-gallery-item\"><figure><img decoding=\"async\" src=\"https:\/\/aulad.com\/blog\/wp-content\/plugins\/jquery-image-lazy-loading\/images\/grey.gif\" data-original=\"https:\/\/i2.wp.com\/aulad.com\/blog\/wp-content\/uploads\/2020\/08\/SUBIDA-FARO-JPG-1.jpg?fit=650%2C437&amp;ssl=1\" alt=\"\" data-id=\"9066\" data-link=\"https:\/\/aulad.com\/blog\/?attachment_id=9066\" class=\"lazy wp-image-9066\"\/><noscript><img loading=\"lazy\" decoding=\"async\" width=\"1024\" height=\"689\" src=\"https:\/\/i2.wp.com\/aulad.com\/blog\/wp-content\/uploads\/2020\/08\/SUBIDA-FARO-JPG-1.jpg?fit=650%2C437&amp;ssl=1\" alt=\"\" data-id=\"9066\" data-link=\"https:\/\/aulad.com\/blog\/?attachment_id=9066\" class=\"wp-image-9066\" srcset=\"https:\/\/aulad.com\/blog\/wp-content\/uploads\/2020\/08\/SUBIDA-FARO-JPG-1.jpg 1024w, https:\/\/aulad.com\/blog\/wp-content\/uploads\/2020\/08\/SUBIDA-FARO-JPG-1-300x202.jpg 300w, https:\/\/aulad.com\/blog\/wp-content\/uploads\/2020\/08\/SUBIDA-FARO-JPG-1-768x517.jpg 768w, https:\/\/aulad.com\/blog\/wp-content\/uploads\/2020\/08\/SUBIDA-FARO-JPG-1-650x438.jpg 650w\" sizes=\"(max-width: 1024px) 100vw, 1024px\" \/><\/noscript><\/figure><\/li><li class=\"blocks-gallery-item\"><figure><img decoding=\"async\" src=\"https:\/\/aulad.com\/blog\/wp-content\/plugins\/jquery-image-lazy-loading\/images\/grey.gif\" data-original=\"https:\/\/i1.wp.com\/aulad.com\/blog\/wp-content\/uploads\/2020\/08\/ESTADO-REFORMADO-PLANTA.jpg?fit=650%2C460&amp;ssl=1\" alt=\"\" data-id=\"9067\" data-link=\"https:\/\/aulad.com\/blog\/?attachment_id=9067\" class=\"lazy wp-image-9067\"\/><noscript><img loading=\"lazy\" decoding=\"async\" width=\"1024\" height=\"724\" src=\"https:\/\/i1.wp.com\/aulad.com\/blog\/wp-content\/uploads\/2020\/08\/ESTADO-REFORMADO-PLANTA.jpg?fit=650%2C460&amp;ssl=1\" alt=\"\" data-id=\"9067\" data-link=\"https:\/\/aulad.com\/blog\/?attachment_id=9067\" class=\"wp-image-9067\" srcset=\"https:\/\/aulad.com\/blog\/wp-content\/uploads\/2020\/08\/ESTADO-REFORMADO-PLANTA.jpg 1024w, https:\/\/aulad.com\/blog\/wp-content\/uploads\/2020\/08\/ESTADO-REFORMADO-PLANTA-300x212.jpg 300w, https:\/\/aulad.com\/blog\/wp-content\/uploads\/2020\/08\/ESTADO-REFORMADO-PLANTA-768x543.jpg 768w, https:\/\/aulad.com\/blog\/wp-content\/uploads\/2020\/08\/ESTADO-REFORMADO-PLANTA-650x460.jpg 650w\" sizes=\"(max-width: 1024px) 100vw, 1024px\" \/><\/noscript><\/figure><\/li><li class=\"blocks-gallery-item\"><figure><img decoding=\"async\" src=\"https:\/\/aulad.com\/blog\/wp-content\/plugins\/jquery-image-lazy-loading\/images\/grey.gif\" data-original=\"https:\/\/i0.wp.com\/aulad.com\/blog\/wp-content\/uploads\/2020\/08\/ESTADO-REFORMADO-alzado.jpg?fit=650%2C460&amp;ssl=1\" alt=\"\" data-id=\"9068\" data-link=\"https:\/\/aulad.com\/blog\/?attachment_id=9068\" class=\"lazy wp-image-9068\"\/><noscript><img loading=\"lazy\" decoding=\"async\" width=\"1024\" height=\"724\" src=\"https:\/\/i0.wp.com\/aulad.com\/blog\/wp-content\/uploads\/2020\/08\/ESTADO-REFORMADO-alzado.jpg?fit=650%2C460&amp;ssl=1\" alt=\"\" data-id=\"9068\" data-link=\"https:\/\/aulad.com\/blog\/?attachment_id=9068\" class=\"wp-image-9068\" srcset=\"https:\/\/aulad.com\/blog\/wp-content\/uploads\/2020\/08\/ESTADO-REFORMADO-alzado.jpg 1024w, https:\/\/aulad.com\/blog\/wp-content\/uploads\/2020\/08\/ESTADO-REFORMADO-alzado-300x212.jpg 300w, https:\/\/aulad.com\/blog\/wp-content\/uploads\/2020\/08\/ESTADO-REFORMADO-alzado-768x543.jpg 768w, https:\/\/aulad.com\/blog\/wp-content\/uploads\/2020\/08\/ESTADO-REFORMADO-alzado-650x460.jpg 650w\" sizes=\"(max-width: 1024px) 100vw, 1024px\" \/><\/noscript><\/figure><\/li><li class=\"blocks-gallery-item\"><figure><img decoding=\"async\" src=\"https:\/\/aulad.com\/blog\/wp-content\/plugins\/jquery-image-lazy-loading\/images\/grey.gif\" data-original=\"https:\/\/i2.wp.com\/aulad.com\/blog\/wp-content\/uploads\/2020\/08\/PANEL.jpg?fit=650%2C919&amp;ssl=1\" alt=\"\" data-id=\"9069\" data-link=\"https:\/\/aulad.com\/blog\/?attachment_id=9069\" class=\"lazy wp-image-9069\"\/><noscript><img loading=\"lazy\" decoding=\"async\" width=\"724\" height=\"1024\" src=\"https:\/\/i2.wp.com\/aulad.com\/blog\/wp-content\/uploads\/2020\/08\/PANEL.jpg?fit=650%2C919&amp;ssl=1\" alt=\"\" data-id=\"9069\" data-link=\"https:\/\/aulad.com\/blog\/?attachment_id=9069\" class=\"wp-image-9069\" srcset=\"https:\/\/aulad.com\/blog\/wp-content\/uploads\/2020\/08\/PANEL.jpg 724w, https:\/\/aulad.com\/blog\/wp-content\/uploads\/2020\/08\/PANEL-212x300.jpg 212w, https:\/\/aulad.com\/blog\/wp-content\/uploads\/2020\/08\/PANEL-768x1086.jpg 768w, https:\/\/aulad.com\/blog\/wp-content\/uploads\/2020\/08\/PANEL-460x650.jpg 460w\" sizes=\"(max-width: 724px) 100vw, 724px\" \/><\/noscript><\/figure><\/li><\/ul>\n\n\n\n<p>El medio natural debe ser el protagonista y el motivo por el que se desplacen los usuarios.&nbsp; La parcela en la que se proyecta pr\u00e1cticamente todo el conjunto,&nbsp; se encuentra rodeada de una gran variedad paisaj\u00edstica, incluyendo zonas de vegetaci\u00f3n alta,&nbsp; que funcionan como elementos protectores frente al clima,&nbsp; paisaje dunar, playa y paisajes agrestes rocosos. Por tanto y teniendo estos puntos de vista en cuenta, se proyectan tres \u00e1reas de estancia y de contemplaci\u00f3n orientadas a cada uno de estos entornos, ofreciendo al usuario un recorrido paisaj\u00edstico de bienvenida nada m\u00e1s desembarcar en la isla.&nbsp;<\/p>\n\n\n\n<p>El conjunto est\u00e1 dotado adem\u00e1s de una serie de servicios,&nbsp; tales como: punto de informaci\u00f3n,&nbsp; zona de ventas de productos de primera necesidad, bebidas y alimentaci\u00f3n b\u00e1sica, puesto de atenci\u00f3n sanitaria y zona de aseos. Todos ellos se establecen en contenedores mar\u00edtimos de segunda vida, aprovechando sus ventajas aislantes y reduciendo a su vez en material de construcci\u00f3n.&nbsp;<br><\/p>\n\n\n\n<p>El proyecto en su conjunto no s\u00f3lo atiende aspectos constructivos para lograr la menor huella y reducir el consumo de energ\u00eda, sino que pretende actuar como una propuesta educativa para el usuario que lo utilice,&nbsp; transmitiendo la importancia del entorno que lo rodea y la necesidad de su preservaci\u00f3n, por ello aparte del punto de informaci\u00f3n,&nbsp; se proyecta un recorrido informativo ubicado en todas las \u00e1reas de estancia y contemplaci\u00f3n, aprovechando elementos que estos espacios ya incluyen como barandillas o el propio mobiliario y que informen sobre las caracter\u00edsticas de cada paisaje seg\u00fan la zona donde se encuentre el usuario.&nbsp;<br><\/p>\n\n\n\n<p>En resumen, todo el planteamiento est\u00e1 pensado como un proyecto provisional, concebido para cumplir su funci\u00f3n durante 10 o 15 a\u00f1os, por ello no se introducen ning\u00fan elemento de obra, sino que toda la intervenci\u00f3n se monta por piezas, y por consiguiente, puede ser completamente desmontable sin causar huella.&nbsp; Adem\u00e1s, el proyecto act\u00faa como un elemento propio y caracter\u00edstico de la zona,&nbsp; aprovechando los recursos que \u00e9sta ofrece y adapt\u00e1ndose a su forma y movimiento. No se busca la m\u00edmesis sino el respeto por el medio natural y transmitir este respeto a los usuarios que transiten por \u00e9l.\u00bb <\/p>\n\n\n\n<p style=\"text-align:right\">C\u00edes Sostenible, Javier V\u00e1zquez Pires.<\/p>\n","protected":false},"excerpt":{"rendered":"<p>\u00abLa propuesta C\u00edes Sostenible tiene como punto de partida establecer un conjunto propio y \u00fanico del archipi\u00e9lago, fruto de la adaptaci\u00f3n y respeto el entorno y del terreno, configurando los espacios en funci\u00f3n de sus caracter\u00edsticas y su movimiento. Adem\u00e1s gran parte del grueso del proyecto se levanta con materiales ya existentes en la zona,&nbsp; [&hellip;]<\/p>\n","protected":false},"author":1,"featured_media":0,"comment_status":"open","ping_status":"open","sticky":false,"template":"","format":"standard","meta":{"footnotes":""},"categories":[20,18],"tags":[73,38,133,51],"_links":{"self":[{"href":"https:\/\/aulad.com\/blog\/wp-json\/wp\/v2\/posts\/9050"}],"collection":[{"href":"https:\/\/aulad.com\/blog\/wp-json\/wp\/v2\/posts"}],"about":[{"href":"https:\/\/aulad.com\/blog\/wp-json\/wp\/v2\/types\/post"}],"author":[{"embeddable":true,"href":"https:\/\/aulad.com\/blog\/wp-json\/wp\/v2\/users\/1"}],"replies":[{"embeddable":true,"href":"https:\/\/aulad.com\/blog\/wp-json\/wp\/v2\/comments?post=9050"}],"version-history":[{"count":5,"href":"https:\/\/aulad.com\/blog\/wp-json\/wp\/v2\/posts\/9050\/revisions"}],"predecessor-version":[{"id":9177,"href":"https:\/\/aulad.com\/blog\/wp-json\/wp\/v2\/posts\/9050\/revisions\/9177"}],"wp:attachment":[{"href":"https:\/\/aulad.com\/blog\/wp-json\/wp\/v2\/media?parent=9050"}],"wp:term":[{"taxonomy":"category","embeddable":true,"href":"https:\/\/aulad.com\/blog\/wp-json\/wp\/v2\/categories?post=9050"},{"taxonomy":"post_tag","embeddable":true,"href":"https:\/\/aulad.com\/blog\/wp-json\/wp\/v2\/tags?post=9050"}],"curies":[{"name":"wp","href":"https:\/\/api.w.org\/{rel}","templated":true}]}}