{"id":8993,"date":"2020-01-23T16:32:20","date_gmt":"2020-01-23T15:32:20","guid":{"rendered":"https:\/\/aulad.com\/blog\/?p=8993"},"modified":"2020-01-23T16:32:25","modified_gmt":"2020-01-23T15:32:25","slug":"o-camino-portugues-pola-costa","status":"publish","type":"post","link":"https:\/\/aulad.com\/blog\/2020\/01\/23\/o-camino-portugues-pola-costa\/","title":{"rendered":"O CAMI\u00d1O PORTUGU\u00c9S POLA COSTA"},"content":{"rendered":"\n<p>Todos os cami\u00f1os chegan a Santiago de Compostela. Pero hai un moi especial para nos: o <strong>Cami\u00f1o Portugu\u00e9s pola costa<\/strong>, xa que pasa diante da nosa porta.<\/p>\n\n\n\n<div class=\"wp-block-image\"><figure class=\"aligncenter is-resized\"><img loading=\"lazy\" decoding=\"async\" src=\"https:\/\/aulad.com\/blog\/wp-content\/plugins\/jquery-image-lazy-loading\/images\/grey.gif\" data-original=\"https:\/\/i1.wp.com\/aulad.com\/blog\/wp-content\/uploads\/2020\/01\/CARTAZ.jpg?fit=650%2C919&amp;ssl=1\" alt=\"\" class=\"lazy wp-image-8997\" width=\"488\" height=\"689\"\/><noscript><img loading=\"lazy\" decoding=\"async\" src=\"https:\/\/i1.wp.com\/aulad.com\/blog\/wp-content\/uploads\/2020\/01\/CARTAZ.jpg?fit=650%2C919&amp;ssl=1\" alt=\"\" class=\"wp-image-8997\" width=\"488\" height=\"689\" srcset=\"https:\/\/aulad.com\/blog\/wp-content\/uploads\/2020\/01\/CARTAZ.jpg 724w, https:\/\/aulad.com\/blog\/wp-content\/uploads\/2020\/01\/CARTAZ-212x300.jpg 212w, https:\/\/aulad.com\/blog\/wp-content\/uploads\/2020\/01\/CARTAZ-768x1086.jpg 768w, https:\/\/aulad.com\/blog\/wp-content\/uploads\/2020\/01\/CARTAZ-460x650.jpg 460w\" sizes=\"(max-width: 488px) 100vw, 488px\" \/><\/noscript><\/figure><\/div>\n\n\n\n<p class=\"has-background has-very-light-gray-background-color\"><em>El pr\u00f3ximo lunes 27 de enero a las 13.00h tendr\u00e1 lugar en Aula D. Escola de Dese\u00f1o (r\/Elduayen, 36-VIGO), el acto \u00abO Cami\u00f1o Portugu\u00e9s pola Costa\u00bb.Seg\u00fan recoge un estudio de \u00c1ngel Alonso, investigador de la universidad de Vigo, citando cifras oficiales, el camino por la costa y Vigo supera ya las 22.000 personas en este \u00faltimo a\u00f1o 2019; as\u00ed, el camino portugu\u00e9s por la costa es ya el tercer itinerario preferido por los peregrinos. El camino franc\u00e9s todav\u00eda supera la mitad de los peregrinos aunque el total de los que circulan por otras v\u00edas se acerca a la mitad; exactamente son 189.940 peregrinos (54,6%) por el camino franc\u00e9s y 157.645 (45,4%) por otras v\u00edas. De ellas el camino portugu\u00e9s central, por Tui, con 72.358 sigue ostentando el 2.\u00ba lugar, incrementando su n\u00famero a\u00f1o a a\u00f1o, pero el camino portugu\u00e9s por la costa y Vigo, con 22.292 peregrinos se sit\u00faa holgadamente en una tercera posici\u00f3n, siendo los tres \u00fanicos caminos que alcanzan esas cifras superiores a 20.000 personas. La ruta por Vigo tiene obligatoriamente una entrada y una salida, desde Nigr\u00e1n por el paseo del Lagares (o Coia), As Travesas, L\u00f3pez Mora, Pi y Margall y Paseo de Alfonso XII. Desde el Olivo se sigue a Elduayen o se baja a O Berb\u00e9s o a San Francisco (o se hacen los tres); visita a la concatedral, el mercado de A Pedra, para continuar por Rosal\u00eda de Castro, Sanjurjo Bad\u00eda y\u00a0 Teis; de ah\u00ed a Redondela.<\/em><\/p>\n\n\n\n<p><em>En el acto del lunes, adem\u00e1s de \u00c1ngel Alonso, participar\u00e1 Javier Pitillas, presidente de Discamino, asociaci\u00f3n viguesa sin \u00e1nimo de lucro que promueve el disfrute del Camino de Santiago a personas con movilidad reducida. Tambi\u00e9n hay una exposici\u00f3n de fotos de las principales localidades de este camino por la costa, tomadas por Xerardo P\u00e9rez Medrano. <br><\/em><br><\/p>\n","protected":false},"excerpt":{"rendered":"<p>Todos os cami\u00f1os chegan a Santiago de Compostela. Pero hai un moi especial para nos: o Cami\u00f1o Portugu\u00e9s pola costa, xa que pasa diante da nosa porta. El pr\u00f3ximo lunes 27 de enero a las 13.00h tendr\u00e1 lugar en Aula D. Escola de Dese\u00f1o (r\/Elduayen, 36-VIGO), el acto \u00abO Cami\u00f1o Portugu\u00e9s pola Costa\u00bb.Seg\u00fan recoge un [&hellip;]<\/p>\n","protected":false},"author":1,"featured_media":0,"comment_status":"open","ping_status":"open","sticky":false,"template":"","format":"standard","meta":{"footnotes":""},"categories":[22,1],"tags":[],"_links":{"self":[{"href":"https:\/\/aulad.com\/blog\/wp-json\/wp\/v2\/posts\/8993"}],"collection":[{"href":"https:\/\/aulad.com\/blog\/wp-json\/wp\/v2\/posts"}],"about":[{"href":"https:\/\/aulad.com\/blog\/wp-json\/wp\/v2\/types\/post"}],"author":[{"embeddable":true,"href":"https:\/\/aulad.com\/blog\/wp-json\/wp\/v2\/users\/1"}],"replies":[{"embeddable":true,"href":"https:\/\/aulad.com\/blog\/wp-json\/wp\/v2\/comments?post=8993"}],"version-history":[{"count":3,"href":"https:\/\/aulad.com\/blog\/wp-json\/wp\/v2\/posts\/8993\/revisions"}],"predecessor-version":[{"id":8998,"href":"https:\/\/aulad.com\/blog\/wp-json\/wp\/v2\/posts\/8993\/revisions\/8998"}],"wp:attachment":[{"href":"https:\/\/aulad.com\/blog\/wp-json\/wp\/v2\/media?parent=8993"}],"wp:term":[{"taxonomy":"category","embeddable":true,"href":"https:\/\/aulad.com\/blog\/wp-json\/wp\/v2\/categories?post=8993"},{"taxonomy":"post_tag","embeddable":true,"href":"https:\/\/aulad.com\/blog\/wp-json\/wp\/v2\/tags?post=8993"}],"curies":[{"name":"wp","href":"https:\/\/api.w.org\/{rel}","templated":true}]}}