{"id":8987,"date":"2019-12-09T20:02:23","date_gmt":"2019-12-09T19:02:23","guid":{"rendered":"https:\/\/aulad.com\/blog\/?p=8987"},"modified":"2019-12-09T20:02:31","modified_gmt":"2019-12-09T19:02:31","slug":"xornadas-de-creacion-transversal-2019","status":"publish","type":"post","link":"https:\/\/aulad.com\/blog\/2019\/12\/09\/xornadas-de-creacion-transversal-2019\/","title":{"rendered":"Xornadas de Creaci\u00f3n Transversal 2019"},"content":{"rendered":"\n<p>Como \u00e9 habitual, durante as \u00faltimas d\u00faas semanas lectivas do ano en Aula D traballamos nas <strong>Xornadas de Creaci\u00f3n Transversal<\/strong>. Todo o alumnado de primeiro e segundo ano dos Ciclos Formativos de Grao Superior de Dese\u00f1o Gr\u00e1fico e de Dese\u00f1o de Interiores se reparte aleatoriamente por grupos para traballar nunha proposta creativa e alternativa entre a arte e o dese\u00f1o.<\/p>\n\n\n\n<figure class=\"wp-block-image\"><img decoding=\"async\" src=\"https:\/\/aulad.com\/blog\/wp-content\/plugins\/jquery-image-lazy-loading\/images\/grey.gif\" data-original=\"https:\/\/i1.wp.com\/aulad.com\/blog\/wp-content\/uploads\/2019\/12\/10-1.jpg?fit=650%2C488&amp;ssl=1\" alt=\"\" class=\"lazy wp-image-8990\"\/><noscript><img loading=\"lazy\" decoding=\"async\" width=\"1024\" height=\"768\" src=\"https:\/\/i1.wp.com\/aulad.com\/blog\/wp-content\/uploads\/2019\/12\/10-1.jpg?fit=650%2C488&amp;ssl=1\" alt=\"\" class=\"wp-image-8990\" srcset=\"https:\/\/aulad.com\/blog\/wp-content\/uploads\/2019\/12\/10-1.jpg 1024w, https:\/\/aulad.com\/blog\/wp-content\/uploads\/2019\/12\/10-1-300x225.jpg 300w, https:\/\/aulad.com\/blog\/wp-content\/uploads\/2019\/12\/10-1-768x576.jpg 768w, https:\/\/aulad.com\/blog\/wp-content\/uploads\/2019\/12\/10-1-650x488.jpg 650w\" sizes=\"(max-width: 1024px) 100vw, 1024px\" \/><\/noscript><\/figure>\n\n\n\n<p>Este ano o tema ten por t\u00edtulo o dese\u00f1o de <strong>Puntos de recarga emocional<\/strong>. Paralelamente ao desenvolvemento do traballo se imparten charlas sobre temas paralelos como mapas e cartograf\u00eda, dese\u00f1o e emoci\u00f3ns, o punto como lugar no espazo, exemplos audiovisuais, o situacionismo, &#8230;<\/p>\n\n\n\n<p>Finalmente, o venres 20 de decembro os grupos ter\u00e1n que presentar e explicar os seus traballos.<\/p>\n","protected":false},"excerpt":{"rendered":"<p>Como \u00e9 habitual, durante as \u00faltimas d\u00faas semanas lectivas do ano en Aula D traballamos nas Xornadas de Creaci\u00f3n Transversal. Todo o alumnado de primeiro e segundo ano dos Ciclos Formativos de Grao Superior de Dese\u00f1o Gr\u00e1fico e de Dese\u00f1o de Interiores se reparte aleatoriamente por grupos para traballar nunha proposta creativa e alternativa entre [&hellip;]<\/p>\n","protected":false},"author":1,"featured_media":0,"comment_status":"open","ping_status":"open","sticky":false,"template":"","format":"standard","meta":{"footnotes":""},"categories":[21,14,18],"tags":[],"_links":{"self":[{"href":"https:\/\/aulad.com\/blog\/wp-json\/wp\/v2\/posts\/8987"}],"collection":[{"href":"https:\/\/aulad.com\/blog\/wp-json\/wp\/v2\/posts"}],"about":[{"href":"https:\/\/aulad.com\/blog\/wp-json\/wp\/v2\/types\/post"}],"author":[{"embeddable":true,"href":"https:\/\/aulad.com\/blog\/wp-json\/wp\/v2\/users\/1"}],"replies":[{"embeddable":true,"href":"https:\/\/aulad.com\/blog\/wp-json\/wp\/v2\/comments?post=8987"}],"version-history":[{"count":2,"href":"https:\/\/aulad.com\/blog\/wp-json\/wp\/v2\/posts\/8987\/revisions"}],"predecessor-version":[{"id":8991,"href":"https:\/\/aulad.com\/blog\/wp-json\/wp\/v2\/posts\/8987\/revisions\/8991"}],"wp:attachment":[{"href":"https:\/\/aulad.com\/blog\/wp-json\/wp\/v2\/media?parent=8987"}],"wp:term":[{"taxonomy":"category","embeddable":true,"href":"https:\/\/aulad.com\/blog\/wp-json\/wp\/v2\/categories?post=8987"},{"taxonomy":"post_tag","embeddable":true,"href":"https:\/\/aulad.com\/blog\/wp-json\/wp\/v2\/tags?post=8987"}],"curies":[{"name":"wp","href":"https:\/\/api.w.org\/{rel}","templated":true}]}}