{"id":8954,"date":"2019-09-13T11:31:17","date_gmt":"2019-09-13T09:31:17","guid":{"rendered":"http:\/\/aulad.com\/blog\/?p=8954"},"modified":"2019-09-20T00:29:13","modified_gmt":"2019-09-19T22:29:13","slug":"programacion-anual-de-cursos-2019-2020","status":"publish","type":"post","link":"https:\/\/aulad.com\/blog\/2019\/09\/13\/programacion-anual-de-cursos-2019-2020\/","title":{"rendered":"Programaci\u00f3n anual de cursos &#8211; 2019-2020"},"content":{"rendered":"\n<figure class=\"wp-block-image\"><img decoding=\"async\" src=\"https:\/\/aulad.com\/blog\/wp-content\/plugins\/jquery-image-lazy-loading\/images\/grey.gif\" data-original=\"https:\/\/aulad.com\/blog\/wp-content\/uploads\/2019\/09\/2019-cursos-B.jpg\" alt=\"\" class=\"lazy wp-image-8967\"\/><noscript><img loading=\"lazy\" decoding=\"async\" width=\"800\" height=\"404\" src=\"https:\/\/aulad.com\/blog\/wp-content\/uploads\/2019\/09\/2019-cursos-B.jpg\" alt=\"\" class=\"wp-image-8967\" srcset=\"https:\/\/aulad.com\/blog\/wp-content\/uploads\/2019\/09\/2019-cursos-B.jpg 800w, https:\/\/aulad.com\/blog\/wp-content\/uploads\/2019\/09\/2019-cursos-B-300x152.jpg 300w, https:\/\/aulad.com\/blog\/wp-content\/uploads\/2019\/09\/2019-cursos-B-768x388.jpg 768w, https:\/\/aulad.com\/blog\/wp-content\/uploads\/2019\/09\/2019-cursos-B-650x328.jpg 650w\" sizes=\"(max-width: 800px) 100vw, 800px\" \/><\/noscript><\/figure>\n\n\n\n<h2 class=\"wp-block-heading\"><\/h2>\n\n\n\n<p>Iniciamos a programaci\u00f3n de cursos 2019-2020 co <a href=\"https:\/\/aulad.com\/cursos\/cide\/\">Curso de Introduci\u00f3n ao Dese\u00f1o<\/a> (CIDE) en outubro e o <a href=\"https:\/\/aulad.com\/cursos\/curso-de-reforma-interior-de-viviendas\/\">Curso de Reforma Interior de Vivendas<\/a>,  en novembro, \u00e1mbolos dous de 36h de duraci\u00f3n. Asemade, a partires de xaneiro por\u00e1nse en marcha os <a href=\"https:\/\/aulad.com\/calendario-de-cursos\/\">Cursos de especializaci\u00f3n<\/a> en Dese\u00f1o (Editorial, Ilustraci\u00f3n, Espazos expositivos e Impresi\u00f3n 3D). <\/p>\n\n\n\n<p>Se est\u00e1s interesado\/a, podes <a href=\"https:\/\/aulad.com\/ciclos-formativos\/matriculacion\/reserva-de-praza\/\">solicitar reserva de praza<\/a> ou de ter alg\u00fanha d\u00fabida ou precisar ampliar informaci\u00f3n podes contactar connosco a trav\u00e9s de <a href=\"info@aulad.com\">info@aulad.com<\/a> ou cham\u00e1ndonos ao 986 213 627.<\/p>\n\n\n\n<p><\/p>\n","protected":false},"excerpt":{"rendered":"<p>Iniciamos a programaci\u00f3n de cursos 2019-2020 co Curso de Introduci\u00f3n ao Dese\u00f1o (CIDE) en outubro e o Curso de Reforma Interior de Vivendas, en novembro, \u00e1mbolos dous de 36h de duraci\u00f3n. Asemade, a partires de xaneiro por\u00e1nse en marcha os Cursos de especializaci\u00f3n en Dese\u00f1o (Editorial, Ilustraci\u00f3n, Espazos expositivos e Impresi\u00f3n 3D). Se est\u00e1s interesado\/a, [&hellip;]<\/p>\n","protected":false},"author":1,"featured_media":0,"comment_status":"open","ping_status":"open","sticky":false,"template":"","format":"standard","meta":{"footnotes":""},"categories":[1],"tags":[],"_links":{"self":[{"href":"https:\/\/aulad.com\/blog\/wp-json\/wp\/v2\/posts\/8954"}],"collection":[{"href":"https:\/\/aulad.com\/blog\/wp-json\/wp\/v2\/posts"}],"about":[{"href":"https:\/\/aulad.com\/blog\/wp-json\/wp\/v2\/types\/post"}],"author":[{"embeddable":true,"href":"https:\/\/aulad.com\/blog\/wp-json\/wp\/v2\/users\/1"}],"replies":[{"embeddable":true,"href":"https:\/\/aulad.com\/blog\/wp-json\/wp\/v2\/comments?post=8954"}],"version-history":[{"count":10,"href":"https:\/\/aulad.com\/blog\/wp-json\/wp\/v2\/posts\/8954\/revisions"}],"predecessor-version":[{"id":8968,"href":"https:\/\/aulad.com\/blog\/wp-json\/wp\/v2\/posts\/8954\/revisions\/8968"}],"wp:attachment":[{"href":"https:\/\/aulad.com\/blog\/wp-json\/wp\/v2\/media?parent=8954"}],"wp:term":[{"taxonomy":"category","embeddable":true,"href":"https:\/\/aulad.com\/blog\/wp-json\/wp\/v2\/categories?post=8954"},{"taxonomy":"post_tag","embeddable":true,"href":"https:\/\/aulad.com\/blog\/wp-json\/wp\/v2\/tags?post=8954"}],"curies":[{"name":"wp","href":"https:\/\/api.w.org\/{rel}","templated":true}]}}