{"id":8947,"date":"2019-07-08T18:41:43","date_gmt":"2019-07-08T16:41:43","guid":{"rendered":"http:\/\/aulad.com\/blog\/?p=8947"},"modified":"2019-07-08T18:41:48","modified_gmt":"2019-07-08T16:41:48","slug":"defensas-de-proxecto-final-2019","status":"publish","type":"post","link":"https:\/\/aulad.com\/blog\/2019\/07\/08\/defensas-de-proxecto-final-2019\/","title":{"rendered":"Defensas de Proxecto Final 2019"},"content":{"rendered":"\n<div class=\"wp-block-image\"><figure class=\"aligncenter is-resized\"><img loading=\"lazy\" decoding=\"async\" src=\"https:\/\/aulad.com\/blog\/wp-content\/plugins\/jquery-image-lazy-loading\/images\/grey.gif\" data-original=\"https:\/\/aulad.com\/blog\/wp-content\/uploads\/2019\/07\/defensas-pf-2.jpg\" alt=\"\" class=\"lazy wp-image-8949\" width=\"359\" height=\"373\"\/><noscript><img loading=\"lazy\" decoding=\"async\" src=\"https:\/\/aulad.com\/blog\/wp-content\/uploads\/2019\/07\/defensas-pf-2.jpg\" alt=\"\" class=\"wp-image-8949\" width=\"359\" height=\"373\"\/><\/noscript><\/figure><\/div>\n\n\n\n<p>O martes 9 de xullo a partires das 17.00h ter\u00e1n lugar as defensas de Proxecto Final do alumnado da convocatoria de xullo de <strong>Proxectos e Direcci\u00f3n de Obras de Decoraci\u00f3n<\/strong> e de <strong>Gr\u00e1fica Publicitaria<\/strong>.<\/p>\n\n\n\n<p>O acto \u00e9 p\u00fablico e de asistencia libre polo que podes acompa\u00f1ar aos novos dese\u00f1adores neste d\u00eda tan importante.<\/p>\n","protected":false},"excerpt":{"rendered":"<p>O martes 9 de xullo a partires das 17.00h ter\u00e1n lugar as defensas de Proxecto Final do alumnado da convocatoria de xullo de Proxectos e Direcci\u00f3n de Obras de Decoraci\u00f3n e de Gr\u00e1fica Publicitaria. O acto \u00e9 p\u00fablico e de asistencia libre polo que podes acompa\u00f1ar aos novos dese\u00f1adores neste d\u00eda tan importante.<\/p>\n","protected":false},"author":1,"featured_media":0,"comment_status":"open","ping_status":"open","sticky":false,"template":"","format":"standard","meta":{"footnotes":""},"categories":[1],"tags":[],"_links":{"self":[{"href":"https:\/\/aulad.com\/blog\/wp-json\/wp\/v2\/posts\/8947"}],"collection":[{"href":"https:\/\/aulad.com\/blog\/wp-json\/wp\/v2\/posts"}],"about":[{"href":"https:\/\/aulad.com\/blog\/wp-json\/wp\/v2\/types\/post"}],"author":[{"embeddable":true,"href":"https:\/\/aulad.com\/blog\/wp-json\/wp\/v2\/users\/1"}],"replies":[{"embeddable":true,"href":"https:\/\/aulad.com\/blog\/wp-json\/wp\/v2\/comments?post=8947"}],"version-history":[{"count":2,"href":"https:\/\/aulad.com\/blog\/wp-json\/wp\/v2\/posts\/8947\/revisions"}],"predecessor-version":[{"id":8951,"href":"https:\/\/aulad.com\/blog\/wp-json\/wp\/v2\/posts\/8947\/revisions\/8951"}],"wp:attachment":[{"href":"https:\/\/aulad.com\/blog\/wp-json\/wp\/v2\/media?parent=8947"}],"wp:term":[{"taxonomy":"category","embeddable":true,"href":"https:\/\/aulad.com\/blog\/wp-json\/wp\/v2\/categories?post=8947"},{"taxonomy":"post_tag","embeddable":true,"href":"https:\/\/aulad.com\/blog\/wp-json\/wp\/v2\/tags?post=8947"}],"curies":[{"name":"wp","href":"https:\/\/api.w.org\/{rel}","templated":true}]}}