{"id":8852,"date":"2018-11-28T10:23:17","date_gmt":"2018-11-28T09:23:17","guid":{"rendered":"http:\/\/aulad.com\/blog\/?p=8852"},"modified":"2018-11-28T10:23:17","modified_gmt":"2018-11-28T09:23:17","slug":"cursos-de-especializacion","status":"publish","type":"post","link":"https:\/\/aulad.com\/blog\/2018\/11\/28\/cursos-de-especializacion\/","title":{"rendered":"Cursos de Especializaci\u00f3n"},"content":{"rendered":"<p><img loading=\"lazy\" decoding=\"async\" class=\"lazy aligncenter wp-image-8853\" src=\"https:\/\/aulad.com\/blog\/wp-content\/plugins\/jquery-image-lazy-loading\/images\/grey.gif\" data-original=\"https:\/\/aulad.com\/blog\/wp-content\/uploads\/2018\/11\/ESPECIALIZACION-1000.jpg\" alt=\"ESPECIALIZACION-1000\" width=\"700\" height=\"517\" \/><noscript><img loading=\"lazy\" decoding=\"async\" class=\"aligncenter wp-image-8853\" src=\"https:\/\/aulad.com\/blog\/wp-content\/uploads\/2018\/11\/ESPECIALIZACION-1000.jpg\" alt=\"ESPECIALIZACION-1000\" width=\"700\" height=\"517\" srcset=\"https:\/\/aulad.com\/blog\/wp-content\/uploads\/2018\/11\/ESPECIALIZACION-1000.jpg 1000w, https:\/\/aulad.com\/blog\/wp-content\/uploads\/2018\/11\/ESPECIALIZACION-1000-300x222.jpg 300w, https:\/\/aulad.com\/blog\/wp-content\/uploads\/2018\/11\/ESPECIALIZACION-1000-768x568.jpg 768w\" sizes=\"(max-width: 700px) 100vw, 700px\" \/><\/noscript><\/p>\n<p>Os d\u00edas 14 e 15 de xaneiro de 2019 dan comezo os nosos <span style=\"color: #808000;\"><strong>Cursos de Especializaci\u00f3n<\/strong><\/span>, homologados pola Xunta de Galicia con 3 cr\u00e9ditos ECTS.<\/p>\n<p>Os\u00a0Cursos de Especializaci\u00f3n imp\u00e1rtense en horario <strong>de 18.00h \u00e1 21.00h<\/strong>, dous d\u00edas \u00e1 semana para un total de 54 horas lectivas. Os contidos te\u00f3ricos complem\u00e9ntanse co manexo de programas inform\u00e1ticos espec\u00edficos e m\u00e1is a elaboraci\u00f3n dun proxecto concreto.<\/p>\n<p><a href=\"https:\/\/aulad.com\/cursos\/curso-de-deseno-web\/\" target=\"_blank\">Dese\u00f1o Web<\/a><\/p>\n<p><a href=\"https:\/\/aulad.com\/cursos\/deseno-editorial\/\" target=\"_blank\">Dese\u00f1o Editorial<\/a><\/p>\n<p><a href=\"https:\/\/aulad.com\/cursos\/ilustracion-e-banda-desenada\/\" target=\"_blank\">Ilustraci\u00f3n e Banda Dese\u00f1ada<\/a><\/p>\n<p><a href=\"https:\/\/aulad.com\/cursos\/elementos-e-espazos-expositivos\/\" target=\"_blank\">Dese\u00f1o de Espazos Expositivos<\/a><\/p>\n","protected":false},"excerpt":{"rendered":"<p>Os d\u00edas 14 e 15 de xaneiro de 2019 dan comezo os nosos Cursos de Especializaci\u00f3n, homologados pola Xunta de Galicia con 3 cr\u00e9ditos ECTS. Os\u00a0Cursos de Especializaci\u00f3n imp\u00e1rtense en horario de 18.00h \u00e1 21.00h, dous d\u00edas \u00e1 semana para un total de 54 horas lectivas. Os contidos te\u00f3ricos complem\u00e9ntanse co manexo de programas inform\u00e1ticos [&hellip;]<\/p>\n","protected":false},"author":1,"featured_media":0,"comment_status":"open","ping_status":"open","sticky":false,"template":"","format":"standard","meta":{"footnotes":""},"categories":[21,89,14,18],"tags":[],"_links":{"self":[{"href":"https:\/\/aulad.com\/blog\/wp-json\/wp\/v2\/posts\/8852"}],"collection":[{"href":"https:\/\/aulad.com\/blog\/wp-json\/wp\/v2\/posts"}],"about":[{"href":"https:\/\/aulad.com\/blog\/wp-json\/wp\/v2\/types\/post"}],"author":[{"embeddable":true,"href":"https:\/\/aulad.com\/blog\/wp-json\/wp\/v2\/users\/1"}],"replies":[{"embeddable":true,"href":"https:\/\/aulad.com\/blog\/wp-json\/wp\/v2\/comments?post=8852"}],"version-history":[{"count":3,"href":"https:\/\/aulad.com\/blog\/wp-json\/wp\/v2\/posts\/8852\/revisions"}],"predecessor-version":[{"id":8856,"href":"https:\/\/aulad.com\/blog\/wp-json\/wp\/v2\/posts\/8852\/revisions\/8856"}],"wp:attachment":[{"href":"https:\/\/aulad.com\/blog\/wp-json\/wp\/v2\/media?parent=8852"}],"wp:term":[{"taxonomy":"category","embeddable":true,"href":"https:\/\/aulad.com\/blog\/wp-json\/wp\/v2\/categories?post=8852"},{"taxonomy":"post_tag","embeddable":true,"href":"https:\/\/aulad.com\/blog\/wp-json\/wp\/v2\/tags?post=8852"}],"curies":[{"name":"wp","href":"https:\/\/api.w.org\/{rel}","templated":true}]}}