{"id":8848,"date":"2018-11-05T17:21:45","date_gmt":"2018-11-05T16:21:45","guid":{"rendered":"http:\/\/aulad.com\/blog\/?p=8848"},"modified":"2018-11-05T17:21:45","modified_gmt":"2018-11-05T16:21:45","slug":"homenaxe-a-carlos-oroza","status":"publish","type":"post","link":"https:\/\/aulad.com\/blog\/2018\/11\/05\/homenaxe-a-carlos-oroza\/","title":{"rendered":"Homenaxe a Carlos Oroza"},"content":{"rendered":"<p><strong>Aula D<\/strong> s\u00famase esta semana aos actos de homenaxe ao poeta <strong>Carlos Oroza<\/strong> na sede AFundaci\u00f3n (r\/Policarpo Sanz, 24 VIGO).<\/p>\n<p>O xoves 8 de novembro \u00e1s 20.00h haber\u00e1 unha mesa redonda sobre a figura do poeta.<\/p>\n<p>O venres 9 de novembro \u00e1s 20.00h presentar\u00e1se o libro-disco <strong><em>Aute canta a Oroza<\/em><\/strong> da <a href=\"https:\/\/editorialelvira.com\/\" target=\"_blank\">Editorial Elvira<\/a>.<\/p>\n<p><img loading=\"lazy\" decoding=\"async\" class=\"lazy aligncenter size-large wp-image-8849\" src=\"https:\/\/aulad.com\/blog\/wp-content\/plugins\/jquery-image-lazy-loading\/images\/grey.gif\" data-original=\"https:\/\/aulad.com\/blog\/wp-content\/uploads\/2018\/11\/AUTE-OROZA-cartel-724x1024.jpg\" alt=\"AUTE OROZA cartel\" width=\"695\" height=\"983\" \/><noscript><img loading=\"lazy\" decoding=\"async\" class=\"aligncenter size-large wp-image-8849\" src=\"https:\/\/aulad.com\/blog\/wp-content\/uploads\/2018\/11\/AUTE-OROZA-cartel-724x1024.jpg\" alt=\"AUTE OROZA cartel\" width=\"695\" height=\"983\" srcset=\"https:\/\/aulad.com\/blog\/wp-content\/uploads\/2018\/11\/AUTE-OROZA-cartel.jpg 724w, https:\/\/aulad.com\/blog\/wp-content\/uploads\/2018\/11\/AUTE-OROZA-cartel-212x300.jpg 212w, https:\/\/aulad.com\/blog\/wp-content\/uploads\/2018\/11\/AUTE-OROZA-cartel-768x1086.jpg 768w\" sizes=\"(max-width: 695px) 100vw, 695px\" \/><\/noscript><\/p>\n<p>&nbsp;<\/p>\n","protected":false},"excerpt":{"rendered":"<p>Aula D s\u00famase esta semana aos actos de homenaxe ao poeta Carlos Oroza na sede AFundaci\u00f3n (r\/Policarpo Sanz, 24 VIGO). O xoves 8 de novembro \u00e1s 20.00h haber\u00e1 unha mesa redonda sobre a figura do poeta. O venres 9 de novembro \u00e1s 20.00h presentar\u00e1se o libro-disco Aute canta a Oroza da Editorial Elvira. &nbsp;<\/p>\n","protected":false},"author":1,"featured_media":0,"comment_status":"open","ping_status":"open","sticky":false,"template":"","format":"standard","meta":{"footnotes":""},"categories":[1],"tags":[],"_links":{"self":[{"href":"https:\/\/aulad.com\/blog\/wp-json\/wp\/v2\/posts\/8848"}],"collection":[{"href":"https:\/\/aulad.com\/blog\/wp-json\/wp\/v2\/posts"}],"about":[{"href":"https:\/\/aulad.com\/blog\/wp-json\/wp\/v2\/types\/post"}],"author":[{"embeddable":true,"href":"https:\/\/aulad.com\/blog\/wp-json\/wp\/v2\/users\/1"}],"replies":[{"embeddable":true,"href":"https:\/\/aulad.com\/blog\/wp-json\/wp\/v2\/comments?post=8848"}],"version-history":[{"count":2,"href":"https:\/\/aulad.com\/blog\/wp-json\/wp\/v2\/posts\/8848\/revisions"}],"predecessor-version":[{"id":8851,"href":"https:\/\/aulad.com\/blog\/wp-json\/wp\/v2\/posts\/8848\/revisions\/8851"}],"wp:attachment":[{"href":"https:\/\/aulad.com\/blog\/wp-json\/wp\/v2\/media?parent=8848"}],"wp:term":[{"taxonomy":"category","embeddable":true,"href":"https:\/\/aulad.com\/blog\/wp-json\/wp\/v2\/categories?post=8848"},{"taxonomy":"post_tag","embeddable":true,"href":"https:\/\/aulad.com\/blog\/wp-json\/wp\/v2\/tags?post=8848"}],"curies":[{"name":"wp","href":"https:\/\/api.w.org\/{rel}","templated":true}]}}