{"id":8844,"date":"2018-10-22T20:55:43","date_gmt":"2018-10-22T18:55:43","guid":{"rendered":"http:\/\/aulad.com\/blog\/?p=8844"},"modified":"2018-10-22T20:55:43","modified_gmt":"2018-10-22T18:55:43","slug":"conferencia-de-gandarapons-arquitectos","status":"publish","type":"post","link":"https:\/\/aulad.com\/blog\/2018\/10\/22\/conferencia-de-gandarapons-arquitectos\/","title":{"rendered":"Conferencia de G\u00e1ndara#Pons Arquitectos"},"content":{"rendered":"<p><a href=\"https:\/\/aulad.com\/blog\/wp-content\/uploads\/2018\/10\/cartel-gandara-pons.jpg\" rel=\"lightbox[8844]\"><img loading=\"lazy\" decoding=\"async\" class=\"lazy aligncenter size-large wp-image-8845\" src=\"https:\/\/aulad.com\/blog\/wp-content\/plugins\/jquery-image-lazy-loading\/images\/grey.gif\" data-original=\"https:\/\/aulad.com\/blog\/wp-content\/uploads\/2018\/10\/cartel-gandara-pons-723x1024.jpg\" alt=\"cartel-gandara-pons\" width=\"695\" height=\"984\" \/><noscript><img loading=\"lazy\" decoding=\"async\" class=\"aligncenter size-large wp-image-8845\" src=\"https:\/\/aulad.com\/blog\/wp-content\/uploads\/2018\/10\/cartel-gandara-pons-723x1024.jpg\" alt=\"cartel-gandara-pons\" width=\"695\" height=\"984\" srcset=\"https:\/\/aulad.com\/blog\/wp-content\/uploads\/2018\/10\/cartel-gandara-pons.jpg 723w, https:\/\/aulad.com\/blog\/wp-content\/uploads\/2018\/10\/cartel-gandara-pons-212x300.jpg 212w, https:\/\/aulad.com\/blog\/wp-content\/uploads\/2018\/10\/cartel-gandara-pons-768x1087.jpg 768w\" sizes=\"(max-width: 695px) 100vw, 695px\" \/><\/noscript><\/a><\/p>\n<p>O estudio vigu\u00e9s de arquitectura <a href=\"http:\/\/gandarapons.es\/\" target=\"_blank\"><span style=\"color: #808000;\"><strong>G\u00e1ndara#Pons<\/strong><\/span><\/a> impartir\u00e1 unha conferencia en<strong> Aula D<\/strong> o vindeiro venres 26 de outubro \u00e1s 20.15h. Lucas G\u00e1ndara e Juan Pons son colaboradores da escola dende hai anos, e falar\u00e1n dos seus \u00faltimos proxectos e concursos.<\/p>\n","protected":false},"excerpt":{"rendered":"<p>O estudio vigu\u00e9s de arquitectura G\u00e1ndara#Pons impartir\u00e1 unha conferencia en Aula D o vindeiro venres 26 de outubro \u00e1s 20.15h. Lucas G\u00e1ndara e Juan Pons son colaboradores da escola dende hai anos, e falar\u00e1n dos seus \u00faltimos proxectos e concursos.<\/p>\n","protected":false},"author":1,"featured_media":0,"comment_status":"open","ping_status":"open","sticky":false,"template":"","format":"standard","meta":{"footnotes":""},"categories":[20,18],"tags":[],"_links":{"self":[{"href":"https:\/\/aulad.com\/blog\/wp-json\/wp\/v2\/posts\/8844"}],"collection":[{"href":"https:\/\/aulad.com\/blog\/wp-json\/wp\/v2\/posts"}],"about":[{"href":"https:\/\/aulad.com\/blog\/wp-json\/wp\/v2\/types\/post"}],"author":[{"embeddable":true,"href":"https:\/\/aulad.com\/blog\/wp-json\/wp\/v2\/users\/1"}],"replies":[{"embeddable":true,"href":"https:\/\/aulad.com\/blog\/wp-json\/wp\/v2\/comments?post=8844"}],"version-history":[{"count":2,"href":"https:\/\/aulad.com\/blog\/wp-json\/wp\/v2\/posts\/8844\/revisions"}],"predecessor-version":[{"id":8847,"href":"https:\/\/aulad.com\/blog\/wp-json\/wp\/v2\/posts\/8844\/revisions\/8847"}],"wp:attachment":[{"href":"https:\/\/aulad.com\/blog\/wp-json\/wp\/v2\/media?parent=8844"}],"wp:term":[{"taxonomy":"category","embeddable":true,"href":"https:\/\/aulad.com\/blog\/wp-json\/wp\/v2\/categories?post=8844"},{"taxonomy":"post_tag","embeddable":true,"href":"https:\/\/aulad.com\/blog\/wp-json\/wp\/v2\/tags?post=8844"}],"curies":[{"name":"wp","href":"https:\/\/api.w.org\/{rel}","templated":true}]}}