{"id":8835,"date":"2018-10-15T17:38:56","date_gmt":"2018-10-15T15:38:56","guid":{"rendered":"http:\/\/aulad.com\/blog\/?p=8835"},"modified":"2018-10-15T17:38:56","modified_gmt":"2018-10-15T15:38:56","slug":"conferencia-de-juan-ares","status":"publish","type":"post","link":"https:\/\/aulad.com\/blog\/2018\/10\/15\/conferencia-de-juan-ares\/","title":{"rendered":"Conferencia de Juan Ares"},"content":{"rendered":"<p>O vindeiro venres 19 de outubro \u00e1s 20.15 h no auditorio de Aula D (r\/ Elduayen, 36 -1) o interiorista e dese\u00f1ador de mobles <span style=\"color: #808000;\"><strong><a style=\"color: #808000;\" href=\"http:\/\/www.juanares.es\/gl\/\" target=\"_blank\">Juan Ares<\/a><\/strong><\/span> impartir\u00e1 a conferencia que leva por t\u00edtulo <strong><em>Produto da r\u00eda<\/em><\/strong>\u00a0con un repaso \u00e1 s\u00faa traxectoria profesional no estudio <span style=\"color: #808000;\"><strong>Espacio Invisible<\/strong><\/span> e na firma <strong><span style=\"color: #808000;\">Juan Ares Marine Design<\/span>.<\/strong><\/p>\n<p><a href=\"https:\/\/aulad.com\/blog\/wp-content\/uploads\/2018\/10\/cartel-juan-ares.jpg\" rel=\"lightbox[8835]\"><img loading=\"lazy\" decoding=\"async\" class=\"lazy aligncenter wp-image-8836\" src=\"https:\/\/aulad.com\/blog\/wp-content\/plugins\/jquery-image-lazy-loading\/images\/grey.gif\" data-original=\"https:\/\/aulad.com\/blog\/wp-content\/uploads\/2018\/10\/cartel-juan-ares-726x1024.jpg\" alt=\"\" width=\"347\" height=\"490\" \/><noscript><img loading=\"lazy\" decoding=\"async\" class=\"aligncenter wp-image-8836\" src=\"https:\/\/aulad.com\/blog\/wp-content\/uploads\/2018\/10\/cartel-juan-ares-726x1024.jpg\" alt=\"\" width=\"347\" height=\"490\" srcset=\"https:\/\/aulad.com\/blog\/wp-content\/uploads\/2018\/10\/cartel-juan-ares.jpg 726w, https:\/\/aulad.com\/blog\/wp-content\/uploads\/2018\/10\/cartel-juan-ares-213x300.jpg 213w, https:\/\/aulad.com\/blog\/wp-content\/uploads\/2018\/10\/cartel-juan-ares-768x1084.jpg 768w\" sizes=\"(max-width: 347px) 100vw, 347px\" \/><\/noscript><\/a><\/p>\n<p>Esta conferencia enm\u00e1rcase no ciclo de charlas e debates adicados a dese\u00f1adores, arquitectos, artistas visuais e pl\u00e1sticos, etc&#8230; cheos de talento, que colaboran con Aula d.<\/p>\n","protected":false},"excerpt":{"rendered":"<p>O vindeiro venres 19 de outubro \u00e1s 20.15 h no auditorio de Aula D (r\/ Elduayen, 36 -1) o interiorista e dese\u00f1ador de mobles Juan Ares impartir\u00e1 a conferencia que leva por t\u00edtulo Produto da r\u00eda\u00a0con un repaso \u00e1 s\u00faa traxectoria profesional no estudio Espacio Invisible e na firma Juan Ares Marine Design. Esta conferencia [&hellip;]<\/p>\n","protected":false},"author":1,"featured_media":0,"comment_status":"open","ping_status":"open","sticky":false,"template":"","format":"standard","meta":{"footnotes":""},"categories":[20,18,1],"tags":[],"_links":{"self":[{"href":"https:\/\/aulad.com\/blog\/wp-json\/wp\/v2\/posts\/8835"}],"collection":[{"href":"https:\/\/aulad.com\/blog\/wp-json\/wp\/v2\/posts"}],"about":[{"href":"https:\/\/aulad.com\/blog\/wp-json\/wp\/v2\/types\/post"}],"author":[{"embeddable":true,"href":"https:\/\/aulad.com\/blog\/wp-json\/wp\/v2\/users\/1"}],"replies":[{"embeddable":true,"href":"https:\/\/aulad.com\/blog\/wp-json\/wp\/v2\/comments?post=8835"}],"version-history":[{"count":5,"href":"https:\/\/aulad.com\/blog\/wp-json\/wp\/v2\/posts\/8835\/revisions"}],"predecessor-version":[{"id":8841,"href":"https:\/\/aulad.com\/blog\/wp-json\/wp\/v2\/posts\/8835\/revisions\/8841"}],"wp:attachment":[{"href":"https:\/\/aulad.com\/blog\/wp-json\/wp\/v2\/media?parent=8835"}],"wp:term":[{"taxonomy":"category","embeddable":true,"href":"https:\/\/aulad.com\/blog\/wp-json\/wp\/v2\/categories?post=8835"},{"taxonomy":"post_tag","embeddable":true,"href":"https:\/\/aulad.com\/blog\/wp-json\/wp\/v2\/tags?post=8835"}],"curies":[{"name":"wp","href":"https:\/\/api.w.org\/{rel}","templated":true}]}}