{"id":8829,"date":"2018-09-28T18:48:11","date_gmt":"2018-09-28T16:48:11","guid":{"rendered":"http:\/\/aulad.com\/blog\/?p=8829"},"modified":"2018-09-28T18:48:11","modified_gmt":"2018-09-28T16:48:11","slug":"programacion-trimestral-de-cursos","status":"publish","type":"post","link":"https:\/\/aulad.com\/blog\/2018\/09\/28\/programacion-trimestral-de-cursos\/","title":{"rendered":"Programaci\u00f3n trimestral de cursos"},"content":{"rendered":"<p>&nbsp;<\/p>\n<p><img loading=\"lazy\" decoding=\"async\" class=\"lazy size-full wp-image-8832 aligncenter\" src=\"https:\/\/aulad.com\/blog\/wp-content\/plugins\/jquery-image-lazy-loading\/images\/grey.gif\" data-original=\"https:\/\/aulad.com\/blog\/wp-content\/uploads\/2018\/09\/2018-cursos.jpg\" alt=\"2018-cursos\" width=\"680\" height=\"344\" \/><noscript><img loading=\"lazy\" decoding=\"async\" class=\"size-full wp-image-8832 aligncenter\" src=\"https:\/\/aulad.com\/blog\/wp-content\/uploads\/2018\/09\/2018-cursos.jpg\" alt=\"2018-cursos\" width=\"680\" height=\"344\" srcset=\"https:\/\/aulad.com\/blog\/wp-content\/uploads\/2018\/09\/2018-cursos.jpg 680w, https:\/\/aulad.com\/blog\/wp-content\/uploads\/2018\/09\/2018-cursos-300x152.jpg 300w\" sizes=\"(max-width: 680px) 100vw, 680px\" \/><\/noscript><\/p>\n<p>A partir do mes de outubro iniciamos a nosa programaci\u00f3n de cursos co <strong><a href=\"https:\/\/aulad.com\/cursos\/cide\/\">Curso de Introduci\u00f3n ao Dese\u00f1o (CIDE)<\/a><\/strong> e o <strong><a href=\"https:\/\/aulad.com\/cursos\/curso-de-reforma-interior-de-viviendas\/\">Curso de Reforma Interior de Vivendas<\/a><\/strong>, \u00e1mbolos dous de 36h de duraci\u00f3n.<\/p>\n<p>Se est\u00e1s interesado\/a, podes<strong><a href=\"https:\/\/aulad.com\/ciclos-formativos\/matriculacion\/reserva-de-praza\/\"> facer aqu\u00ed a t\u00faa\u00a0reserva de praza<\/a><\/strong> ou de ter alg\u00fanha d\u00fabida ou precisar ampliar informaci\u00f3n podes\u00a0contactar connosco a trav\u00e9s de cursos@aulad.com ou cham\u00e1ndonos ao 986 213 627.<\/p>\n","protected":false},"excerpt":{"rendered":"<p>&nbsp; A partir do mes de outubro iniciamos a nosa programaci\u00f3n de cursos co Curso de Introduci\u00f3n ao Dese\u00f1o (CIDE) e o Curso de Reforma Interior de Vivendas, \u00e1mbolos dous de 36h de duraci\u00f3n. Se est\u00e1s interesado\/a, podes facer aqu\u00ed a t\u00faa\u00a0reserva de praza ou de ter alg\u00fanha d\u00fabida ou precisar ampliar informaci\u00f3n podes\u00a0contactar connosco [&hellip;]<\/p>\n","protected":false},"author":1,"featured_media":0,"comment_status":"open","ping_status":"open","sticky":false,"template":"","format":"standard","meta":{"footnotes":""},"categories":[89],"tags":[],"_links":{"self":[{"href":"https:\/\/aulad.com\/blog\/wp-json\/wp\/v2\/posts\/8829"}],"collection":[{"href":"https:\/\/aulad.com\/blog\/wp-json\/wp\/v2\/posts"}],"about":[{"href":"https:\/\/aulad.com\/blog\/wp-json\/wp\/v2\/types\/post"}],"author":[{"embeddable":true,"href":"https:\/\/aulad.com\/blog\/wp-json\/wp\/v2\/users\/1"}],"replies":[{"embeddable":true,"href":"https:\/\/aulad.com\/blog\/wp-json\/wp\/v2\/comments?post=8829"}],"version-history":[{"count":2,"href":"https:\/\/aulad.com\/blog\/wp-json\/wp\/v2\/posts\/8829\/revisions"}],"predecessor-version":[{"id":8833,"href":"https:\/\/aulad.com\/blog\/wp-json\/wp\/v2\/posts\/8829\/revisions\/8833"}],"wp:attachment":[{"href":"https:\/\/aulad.com\/blog\/wp-json\/wp\/v2\/media?parent=8829"}],"wp:term":[{"taxonomy":"category","embeddable":true,"href":"https:\/\/aulad.com\/blog\/wp-json\/wp\/v2\/categories?post=8829"},{"taxonomy":"post_tag","embeddable":true,"href":"https:\/\/aulad.com\/blog\/wp-json\/wp\/v2\/tags?post=8829"}],"curies":[{"name":"wp","href":"https:\/\/api.w.org\/{rel}","templated":true}]}}