{"id":8819,"date":"2018-08-27T17:48:11","date_gmt":"2018-08-27T15:48:11","guid":{"rendered":"http:\/\/aulad.com\/blog\/?p=8819"},"modified":"2018-08-27T17:48:11","modified_gmt":"2018-08-27T15:48:11","slug":"retrovigo-en-aula-d","status":"publish","type":"post","link":"https:\/\/aulad.com\/blog\/2018\/08\/27\/retrovigo-en-aula-d\/","title":{"rendered":"RETROVIGO en Aula D"},"content":{"rendered":"<p dir=\"ltr\"><a href=\"https:\/\/aulad.com\/blog\/wp-content\/uploads\/2018\/08\/fb_evento.jpg\" rel=\"lightbox[8819]\"><img loading=\"lazy\" decoding=\"async\" class=\"lazy aligncenter size-full wp-image-8820\" src=\"https:\/\/aulad.com\/blog\/wp-content\/plugins\/jquery-image-lazy-loading\/images\/grey.gif\" data-original=\"https:\/\/aulad.com\/blog\/wp-content\/uploads\/2018\/08\/fb_evento.jpg\" alt=\"fb_evento\" width=\"500\" height=\"262\" \/><noscript><img loading=\"lazy\" decoding=\"async\" class=\"aligncenter size-full wp-image-8820\" src=\"https:\/\/aulad.com\/blog\/wp-content\/uploads\/2018\/08\/fb_evento.jpg\" alt=\"fb_evento\" width=\"500\" height=\"262\" srcset=\"https:\/\/aulad.com\/blog\/wp-content\/uploads\/2018\/08\/fb_evento.jpg 500w, https:\/\/aulad.com\/blog\/wp-content\/uploads\/2018\/08\/fb_evento-300x157.jpg 300w\" sizes=\"(max-width: 500px) 100vw, 500px\" \/><\/noscript><\/a><\/p>\n<p dir=\"ltr\">Los d\u00edas 22 y 23 de septiembre a partir de las 10:30h\u00a0tendr\u00e1 lugar la II edici\u00f3n del evento de ocio electr\u00f3nico de entrada libre\u00a0<span style=\"color: #808000;\"><strong>RetroVigo<\/strong><\/span>,\u00a0en las nuevas instalaciones de Aula\u00a0D, en Elduayen 36 planta -1 (esquina\u00a0Baixada \u00f3 Forte, 2) VIGO.<\/p>\n<p dir=\"ltr\"><strong><span style=\"color: #808000;\">RetroVigo<\/span> <\/strong>es un evento local orientado a la difusi\u00f3n y conservaci\u00f3n del ocio electr\u00f3nico retro que busca poner en valor la historia y or\u00edgenes de una industria que est\u00e1 en auge. Tras el \u00e9xito de la primera edici\u00f3n, la asociaci\u00f3n cultural <strong>Retrogalaicos<\/strong> vuelve a las r\u00edas baixas para celebrar <strong>Retrovigo2018<\/strong>, esta vez con novedades. Aparte de la siempre fiel exposici\u00f3n general de consolas antiguas y microordenadores as\u00ed como la zona de juego libre, que tanto \u00e9xito tuvieron en la primera edici\u00f3n, queremos incorporar en \u00e9sta y en futuras ediciones un tema concreto a desarrollar en charlas y torneos especiales.<\/p>\n<p>El tema de esta II edici\u00f3n es el g\u00e9nero de videojuegos:\u00a0<i>\u201c<strong>Beat\u00b4em up<\/strong>\u201d,<\/i>\u00a0conocido tambi\u00e9n como \u201c<strong>yo contra el barrio<\/strong>\u201d, un g\u00e9nero en el que destaca el combate cuerpo a cuerpo entre el jugador\/h\u00e9roe y un gran n\u00famero de villanos. Para abordar este tema se han programado dos charlas con un peque\u00f1o debate al final de cada una de ellas y un torneo espec\u00edfico de\u00a0<i>Beat\u00b4em up.<\/i><\/p>\n<div dir=\"auto\">\n<ul>\n<li dir=\"ltr\"><span style=\"color: #808000;\"><strong>BEAT\u00b4EM UP<\/strong><\/span>: <em>Yo contra el barrio. Or\u00edgenes y t\u00edtulos destacado<\/em>s. D\u00eda 22, a las 12:00, impartida por Jacobo y Galo Mart\u00ednez, fundadores del Museo Barit\u00e9 (<a href=\"https:\/\/m.facebook.com\/RetroGaliza\/\" target=\"_blank\" rel=\"noreferrer\" data-saferedirecturl=\"https:\/\/www.google.com\/url?hl=es&amp;q=https:\/\/m.facebook.com\/RetroGaliza\/&amp;source=gmail&amp;ust=1535469425779000&amp;usg=AFQjCNFGwALJM0dNWW6kXXdjenK4it4KyA\">https:\/\/m.facebook.com\/<wbr \/>RetroGaliza\/<\/a>)<\/li>\n<li dir=\"ltr\"><strong><span style=\"color: #808000;\">BEAT\u00b4ME DOWN<\/span><\/strong>: <em>El pu\u00f1o de las compa\u00f1\u00edas en la cara del jugador. El bochorno de algunos juegos<\/em>. D\u00eda 22, a las 13:00, impartida por Andr\u00e9s de Pedro, presidente de RetroGalaicos.<\/li>\n<li dir=\"ltr\"><span style=\"color: #808000;\"><strong>TORNEO ESPECIAL BEAT\u00b4EM UP,\u00a0<\/strong><\/span><i><span style=\"color: #808000;\"><strong>Street of Rage 2<\/strong><\/span>:<\/i>\u00a0El juego estar\u00e1 disponible para todo aquel que quiera probar su habilidad. Al final del evento el ganador\/a ser\u00e1 elegido por su puntuaci\u00f3n m\u00e1s alta y recibir\u00e1 su correspondiente premio.<\/li>\n<\/ul>\n<p dir=\"ltr\">Para los que quieran seguir disfrutando de los mamporros tambi\u00e9n se celebrar\u00e1n otras competiciones amistosas que anunciaremos durante el evento. Seguir\u00e1n apareciendo novedades y diferentes pistas en nuestras redes sociales.<\/p>\n<p dir=\"ltr\">Facebook:\u00a0<a href=\"https:\/\/www.facebook.com\/events\/301289947091025\/?ti=as\" target=\"_blank\" rel=\"noreferrer\" data-saferedirecturl=\"https:\/\/www.google.com\/url?hl=es&amp;q=https:\/\/www.facebook.com\/events\/301289947091025\/?ti%3Das&amp;source=gmail&amp;ust=1535469425779000&amp;usg=AFQjCNGS0cxBjtvw395UiDZ7Jpl18gxAFQ\">https:\/\/www.<wbr \/>facebook.com\/events\/<wbr \/>301289947091025\/?ti=as<\/a><\/p>\n<p dir=\"ltr\">Twitter:\u00a0<a href=\"https:\/\/twitter.com\/RetroVigo?s=09\" target=\"_blank\" rel=\"noreferrer\" data-saferedirecturl=\"https:\/\/www.google.com\/url?hl=es&amp;q=https:\/\/twitter.com\/RetroVigo?s%3D09&amp;source=gmail&amp;ust=1535469425779000&amp;usg=AFQjCNEq-MAXVIN_nxT9hv4hsbD7COWmXg\">https:\/\/twitter.com\/RetroVigo?<wbr \/>s=09<\/a><\/p>\n<p dir=\"ltr\">Instagram: @RetroVigo<\/p>\n<\/div>\n","protected":false},"excerpt":{"rendered":"<p>Los d\u00edas 22 y 23 de septiembre a partir de las 10:30h\u00a0tendr\u00e1 lugar la II edici\u00f3n del evento de ocio electr\u00f3nico de entrada libre\u00a0RetroVigo,\u00a0en las nuevas instalaciones de Aula\u00a0D, en Elduayen 36 planta -1 (esquina\u00a0Baixada \u00f3 Forte, 2) VIGO. RetroVigo es un evento local orientado a la difusi\u00f3n y conservaci\u00f3n del ocio electr\u00f3nico retro que [&hellip;]<\/p>\n","protected":false},"author":1,"featured_media":0,"comment_status":"open","ping_status":"open","sticky":false,"template":"","format":"standard","meta":{"footnotes":""},"categories":[1],"tags":[],"_links":{"self":[{"href":"https:\/\/aulad.com\/blog\/wp-json\/wp\/v2\/posts\/8819"}],"collection":[{"href":"https:\/\/aulad.com\/blog\/wp-json\/wp\/v2\/posts"}],"about":[{"href":"https:\/\/aulad.com\/blog\/wp-json\/wp\/v2\/types\/post"}],"author":[{"embeddable":true,"href":"https:\/\/aulad.com\/blog\/wp-json\/wp\/v2\/users\/1"}],"replies":[{"embeddable":true,"href":"https:\/\/aulad.com\/blog\/wp-json\/wp\/v2\/comments?post=8819"}],"version-history":[{"count":3,"href":"https:\/\/aulad.com\/blog\/wp-json\/wp\/v2\/posts\/8819\/revisions"}],"predecessor-version":[{"id":8823,"href":"https:\/\/aulad.com\/blog\/wp-json\/wp\/v2\/posts\/8819\/revisions\/8823"}],"wp:attachment":[{"href":"https:\/\/aulad.com\/blog\/wp-json\/wp\/v2\/media?parent=8819"}],"wp:term":[{"taxonomy":"category","embeddable":true,"href":"https:\/\/aulad.com\/blog\/wp-json\/wp\/v2\/categories?post=8819"},{"taxonomy":"post_tag","embeddable":true,"href":"https:\/\/aulad.com\/blog\/wp-json\/wp\/v2\/tags?post=8819"}],"curies":[{"name":"wp","href":"https:\/\/api.w.org\/{rel}","templated":true}]}}