{"id":8623,"date":"2017-08-03T11:22:43","date_gmt":"2017-08-03T09:22:43","guid":{"rendered":"http:\/\/aulad.com\/blog\/?p=8623"},"modified":"2017-08-03T11:22:43","modified_gmt":"2017-08-03T09:22:43","slug":"probas-de-acceso-en-setembro","status":"publish","type":"post","link":"https:\/\/aulad.com\/blog\/2017\/08\/03\/probas-de-acceso-en-setembro\/","title":{"rendered":"Probas de acceso en setembro"},"content":{"rendered":"<p>&nbsp;<\/p>\n<p><img loading=\"lazy\" decoding=\"async\" class=\"lazy aligncenter size-full wp-image-8624\" src=\"https:\/\/aulad.com\/blog\/wp-content\/plugins\/jquery-image-lazy-loading\/images\/grey.gif\" data-original=\"https:\/\/aulad.com\/blog\/wp-content\/uploads\/2017\/08\/logo.png\" alt=\"logo\" width=\"306\" height=\"56\" \/><noscript><img loading=\"lazy\" decoding=\"async\" class=\"aligncenter size-full wp-image-8624\" src=\"https:\/\/aulad.com\/blog\/wp-content\/uploads\/2017\/08\/logo.png\" alt=\"logo\" width=\"306\" height=\"56\" srcset=\"https:\/\/aulad.com\/blog\/wp-content\/uploads\/2017\/08\/logo.png 306w, https:\/\/aulad.com\/blog\/wp-content\/uploads\/2017\/08\/logo-300x55.png 300w\" sizes=\"(max-width: 306px) 100vw, 306px\" \/><\/noscript><\/p>\n<p>A\u00a0Conseller\u00eda de Educaci\u00f3n e Ordenaci\u00f3n Universitaria decidiu recentemente convocar\u00a0(como o ano pasado) para o mes de setembro a celebraci\u00f3n das probas espec\u00edficas de acceso \u00e1s\u00a0<strong>ensinanzas profesionais de artes pl\u00e1sticas e dese\u00f1o<\/strong>\u00a0para o curso 2017\/18, que son de interese para os ciclos superiores que ofertamos, de\u00a0<a href=\"https:\/\/aulad.com\/titulacions-oficiais\/grafica-publicitaria\/\" target=\"_blank\">Gr\u00e1fica Publicitaria<\/a>\u00a0e de\u00a0<a href=\"https:\/\/aulad.com\/titulacions-oficiais\/deseno-de-interiores\/\" target=\"_blank\">Proxectos e Direcci\u00f3n de Obras de Decoraci\u00f3n.<\/a><\/p>\n<p>As datas relevantes desta Resoluci\u00f3n son:<\/p>\n<ul>\n<li>Data l\u00edmite de Inscrici\u00f3n:\u00a0<span style=\"color: #808000;\"><strong>8 de setembro<\/strong><\/span><\/li>\n<li>Proba espec\u00edfica: <span style=\"color: #808000;\"><strong>12 de setembro<\/strong><\/span><\/li>\n<\/ul>\n","protected":false},"excerpt":{"rendered":"<p>&nbsp; A\u00a0Conseller\u00eda de Educaci\u00f3n e Ordenaci\u00f3n Universitaria decidiu recentemente convocar\u00a0(como o ano pasado) para o mes de setembro a celebraci\u00f3n das probas espec\u00edficas de acceso \u00e1s\u00a0ensinanzas profesionais de artes pl\u00e1sticas e dese\u00f1o\u00a0para o curso 2017\/18, que son de interese para os ciclos superiores que ofertamos, de\u00a0Gr\u00e1fica Publicitaria\u00a0e de\u00a0Proxectos e Direcci\u00f3n de Obras de Decoraci\u00f3n. As [&hellip;]<\/p>\n","protected":false},"author":1,"featured_media":0,"comment_status":"open","ping_status":"open","sticky":false,"template":"","format":"standard","meta":{"footnotes":""},"categories":[89,14,18],"tags":[],"_links":{"self":[{"href":"https:\/\/aulad.com\/blog\/wp-json\/wp\/v2\/posts\/8623"}],"collection":[{"href":"https:\/\/aulad.com\/blog\/wp-json\/wp\/v2\/posts"}],"about":[{"href":"https:\/\/aulad.com\/blog\/wp-json\/wp\/v2\/types\/post"}],"author":[{"embeddable":true,"href":"https:\/\/aulad.com\/blog\/wp-json\/wp\/v2\/users\/1"}],"replies":[{"embeddable":true,"href":"https:\/\/aulad.com\/blog\/wp-json\/wp\/v2\/comments?post=8623"}],"version-history":[{"count":1,"href":"https:\/\/aulad.com\/blog\/wp-json\/wp\/v2\/posts\/8623\/revisions"}],"predecessor-version":[{"id":8625,"href":"https:\/\/aulad.com\/blog\/wp-json\/wp\/v2\/posts\/8623\/revisions\/8625"}],"wp:attachment":[{"href":"https:\/\/aulad.com\/blog\/wp-json\/wp\/v2\/media?parent=8623"}],"wp:term":[{"taxonomy":"category","embeddable":true,"href":"https:\/\/aulad.com\/blog\/wp-json\/wp\/v2\/categories?post=8623"},{"taxonomy":"post_tag","embeddable":true,"href":"https:\/\/aulad.com\/blog\/wp-json\/wp\/v2\/tags?post=8623"}],"curies":[{"name":"wp","href":"https:\/\/api.w.org\/{rel}","templated":true}]}}