{"id":8605,"date":"2017-06-12T14:09:12","date_gmt":"2017-06-12T12:09:12","guid":{"rendered":"http:\/\/aulad.com\/blog\/?p=8605"},"modified":"2017-06-12T14:09:12","modified_gmt":"2017-06-12T12:09:12","slug":"visita-a-sirvent","status":"publish","type":"post","link":"https:\/\/aulad.com\/blog\/2017\/06\/12\/visita-a-sirvent\/","title":{"rendered":"Visita a Sirvent"},"content":{"rendered":"<p>O pasado martes 6 de xu\u00f1o o alumnado de Dese\u00f1o de Interiores visitou as instalaci\u00f3ns comerciais de <a href=\"http:\/\/www.sirventvigo.com\/sirvent\/es\" target=\"_blank\"><strong><span style=\"color: #808000;\">Sirvent<\/span><\/strong><\/a>, en Gran V\u00eda, 129 en VIGO.<\/p>\n<p>Dende os inicios dos anos `80, Sirvent comeza a comercializaci\u00f3n e venta de moblaxe elexido cun claro criterio contempor\u00e1neo e de autor, na que se incl\u00faen todos os cl\u00e1sicos do movemento moderno, seguindo claramente a estela marcada pola escola da Bauhaus.<\/p>\n<p>A empresa desenvolveu unha serie de proxectos, sempre coa intenci\u00f3n de divulgar a cultura mirando ao dese\u00f1o como eixe central; a primeira mostra na pen\u00ednsula do mobiliario de <strong>Zanotta<\/strong>, os mobles de <strong>Salvador Dal\u00ed<\/strong>, os traballos de <strong>Afra e Tobia Scarpa<\/strong>, o mobiliario de <strong>Cassina<\/strong>, &#8230; En 2005 Sirvent trasladouse as s\u00faas instalaci\u00f3ns actuais.<\/p>\n<div id='gallery-1' class='gallery galleryid-8605 gallery-columns-3 gallery-size-thumbnail'><figure class='gallery-item'>\n\t\t\t<div class='gallery-icon landscape'>\n\t\t\t\t<a href='https:\/\/aulad.com\/blog\/2017\/06\/12\/visita-a-sirvent\/img_20170606_192929781-01-2\/'><img loading=\"lazy\" decoding=\"async\" width=\"150\" height=\"150\" src=\"https:\/\/aulad.com\/blog\/wp-content\/plugins\/jquery-image-lazy-loading\/images\/grey.gif\" data-original=\"https:\/\/aulad.com\/blog\/wp-content\/uploads\/2017\/06\/IMG_20170606_192929781-01-1-150x150.jpeg\" class=\"lazy attachment-thumbnail size-thumbnail\" alt=\"\" \/><noscript><img loading=\"lazy\" decoding=\"async\" width=\"150\" height=\"150\" src=\"https:\/\/aulad.com\/blog\/wp-content\/uploads\/2017\/06\/IMG_20170606_192929781-01-1-150x150.jpeg\" class=\"attachment-thumbnail size-thumbnail\" alt=\"\" \/><\/noscript><\/a>\n\t\t\t<\/div><\/figure><figure class='gallery-item'>\n\t\t\t<div class='gallery-icon landscape'>\n\t\t\t\t<a href='https:\/\/aulad.com\/blog\/2017\/06\/12\/visita-a-sirvent\/img_20170606_192945862-01-2\/'><img loading=\"lazy\" decoding=\"async\" width=\"150\" height=\"150\" src=\"https:\/\/aulad.com\/blog\/wp-content\/plugins\/jquery-image-lazy-loading\/images\/grey.gif\" data-original=\"https:\/\/aulad.com\/blog\/wp-content\/uploads\/2017\/06\/IMG_20170606_192945862-01-1-150x150.jpeg\" class=\"lazy attachment-thumbnail size-thumbnail\" alt=\"\" \/><noscript><img loading=\"lazy\" decoding=\"async\" width=\"150\" height=\"150\" src=\"https:\/\/aulad.com\/blog\/wp-content\/uploads\/2017\/06\/IMG_20170606_192945862-01-1-150x150.jpeg\" class=\"attachment-thumbnail size-thumbnail\" alt=\"\" \/><\/noscript><\/a>\n\t\t\t<\/div><\/figure><figure class='gallery-item'>\n\t\t\t<div class='gallery-icon portrait'>\n\t\t\t\t<a href='https:\/\/aulad.com\/blog\/2017\/06\/12\/visita-a-sirvent\/img_20170606_193822218-01-2\/'><img loading=\"lazy\" decoding=\"async\" width=\"150\" height=\"150\" src=\"https:\/\/aulad.com\/blog\/wp-content\/plugins\/jquery-image-lazy-loading\/images\/grey.gif\" data-original=\"https:\/\/aulad.com\/blog\/wp-content\/uploads\/2017\/06\/IMG_20170606_193822218-01-1-150x150.jpeg\" class=\"lazy attachment-thumbnail size-thumbnail\" alt=\"\" \/><noscript><img loading=\"lazy\" decoding=\"async\" width=\"150\" height=\"150\" src=\"https:\/\/aulad.com\/blog\/wp-content\/uploads\/2017\/06\/IMG_20170606_193822218-01-1-150x150.jpeg\" class=\"attachment-thumbnail size-thumbnail\" alt=\"\" \/><\/noscript><\/a>\n\t\t\t<\/div><\/figure>\n\t\t<\/div>\n\n<p>Durante a visita, <span style=\"color: #808000;\">Juan Sirvent<\/span> fixo un percorrido comentado polas pezas de alg\u00fans grandes dese\u00f1adores como <strong>Le Corbusier, Alvar Aalto, Charles e Ray Eames, Verner Panton, Eero Saarinen, Memphis, Philippe Starck,<\/strong> e moitos outros.<\/p>\n<p>Grazas Juan.<\/p>\n","protected":false},"excerpt":{"rendered":"<p>O pasado martes 6 de xu\u00f1o o alumnado de Dese\u00f1o de Interiores visitou as instalaci\u00f3ns comerciais de Sirvent, en Gran V\u00eda, 129 en VIGO. Dende os inicios dos anos `80, Sirvent comeza a comercializaci\u00f3n e venta de moblaxe elexido cun claro criterio contempor\u00e1neo e de autor, na que se incl\u00faen todos os cl\u00e1sicos do movemento [&hellip;]<\/p>\n","protected":false},"author":1,"featured_media":0,"comment_status":"open","ping_status":"open","sticky":false,"template":"","format":"standard","meta":{"footnotes":""},"categories":[20,21,18],"tags":[],"_links":{"self":[{"href":"https:\/\/aulad.com\/blog\/wp-json\/wp\/v2\/posts\/8605"}],"collection":[{"href":"https:\/\/aulad.com\/blog\/wp-json\/wp\/v2\/posts"}],"about":[{"href":"https:\/\/aulad.com\/blog\/wp-json\/wp\/v2\/types\/post"}],"author":[{"embeddable":true,"href":"https:\/\/aulad.com\/blog\/wp-json\/wp\/v2\/users\/1"}],"replies":[{"embeddable":true,"href":"https:\/\/aulad.com\/blog\/wp-json\/wp\/v2\/comments?post=8605"}],"version-history":[{"count":7,"href":"https:\/\/aulad.com\/blog\/wp-json\/wp\/v2\/posts\/8605\/revisions"}],"predecessor-version":[{"id":8618,"href":"https:\/\/aulad.com\/blog\/wp-json\/wp\/v2\/posts\/8605\/revisions\/8618"}],"wp:attachment":[{"href":"https:\/\/aulad.com\/blog\/wp-json\/wp\/v2\/media?parent=8605"}],"wp:term":[{"taxonomy":"category","embeddable":true,"href":"https:\/\/aulad.com\/blog\/wp-json\/wp\/v2\/categories?post=8605"},{"taxonomy":"post_tag","embeddable":true,"href":"https:\/\/aulad.com\/blog\/wp-json\/wp\/v2\/tags?post=8605"}],"curies":[{"name":"wp","href":"https:\/\/api.w.org\/{rel}","templated":true}]}}