{"id":8597,"date":"2017-06-12T09:53:03","date_gmt":"2017-06-12T07:53:03","guid":{"rendered":"http:\/\/aulad.com\/blog\/?p=8597"},"modified":"2017-06-12T09:53:03","modified_gmt":"2017-06-12T07:53:03","slug":"inscricion-para-os-ciclos-formativos-20172018","status":"publish","type":"post","link":"https:\/\/aulad.com\/blog\/2017\/06\/12\/inscricion-para-os-ciclos-formativos-20172018\/","title":{"rendered":"Inscrici\u00f3n para os ciclos formativos 2017\/2018"},"content":{"rendered":"<div>O venres 9 de xu\u00f1o saiu publicada no DOG a <em>RESOLUCI\u00d3N do 30 de maio de 2017, pola que se ditan instruci\u00f3ns para o acceso e a admisi\u00f3n do alumnado \u00e1s ensinanzas profesionais de artes pl\u00e1sticas e dese\u00f1o para o curso 2017\/18<\/em>.<\/div>\n<div><\/div>\n<div><a href=\"http:\/\/www.xunta.gal\/dog\/Publicados\/2017\/20170609\/AnuncioG0164-010617-0004_gl.html\" target=\"_blank\">http:\/\/www.xunta.gal\/dog\/Publicados\/2017\/20170609\/AnuncioG0164-010617-0004_gl.html<\/a><\/div>\n<div><\/div>\n<div><\/div>\n<div>Dita resoluci\u00f3n\u00a0regula a inscrici\u00f3n para acceder aos ciclos formativos de Grao Superior que impartimos en Aula D: <span style=\"color: #808000;\"><strong>Gr\u00e1fica Publicitaria <\/strong><\/span>e<span style=\"color: #808000;\"><strong> Proxectos e Direcci\u00f3n de Obras de Decoraci\u00f3n<\/strong><\/span>.<\/div>\n<div><\/div>\n<div><\/div>\n<div><\/div>\n<div><\/div>\n<ul>\n<li>Per\u00edodo de inscrici\u00f3n : do 12 ao 20 de xu\u00f1o<\/li>\n<li>Proba de madureza : 29 de xu\u00f1o<\/li>\n<li>Proba espec\u00edfica : 7 de xullo<\/li>\n<\/ul>\n<div><\/div>\n<div>En Aula D facemos un <span style=\"color: #808000;\"><strong>Curso Preparatorio<\/strong><\/span>\u00a0(opcional) para superar a Proba Espec\u00edfica dende o 19 ata o 30 de xu\u00f1o en horario de 10.00 a 14.00h.<\/div>\n","protected":false},"excerpt":{"rendered":"<p>O venres 9 de xu\u00f1o saiu publicada no DOG a RESOLUCI\u00d3N do 30 de maio de 2017, pola que se ditan instruci\u00f3ns para o acceso e a admisi\u00f3n do alumnado \u00e1s ensinanzas profesionais de artes pl\u00e1sticas e dese\u00f1o para o curso 2017\/18. http:\/\/www.xunta.gal\/dog\/Publicados\/2017\/20170609\/AnuncioG0164-010617-0004_gl.html Dita resoluci\u00f3n\u00a0regula a inscrici\u00f3n para acceder aos ciclos formativos de Grao Superior [&hellip;]<\/p>\n","protected":false},"author":1,"featured_media":0,"comment_status":"open","ping_status":"open","sticky":false,"template":"","format":"standard","meta":{"footnotes":""},"categories":[89,14,18],"tags":[],"_links":{"self":[{"href":"https:\/\/aulad.com\/blog\/wp-json\/wp\/v2\/posts\/8597"}],"collection":[{"href":"https:\/\/aulad.com\/blog\/wp-json\/wp\/v2\/posts"}],"about":[{"href":"https:\/\/aulad.com\/blog\/wp-json\/wp\/v2\/types\/post"}],"author":[{"embeddable":true,"href":"https:\/\/aulad.com\/blog\/wp-json\/wp\/v2\/users\/1"}],"replies":[{"embeddable":true,"href":"https:\/\/aulad.com\/blog\/wp-json\/wp\/v2\/comments?post=8597"}],"version-history":[{"count":7,"href":"https:\/\/aulad.com\/blog\/wp-json\/wp\/v2\/posts\/8597\/revisions"}],"predecessor-version":[{"id":8604,"href":"https:\/\/aulad.com\/blog\/wp-json\/wp\/v2\/posts\/8597\/revisions\/8604"}],"wp:attachment":[{"href":"https:\/\/aulad.com\/blog\/wp-json\/wp\/v2\/media?parent=8597"}],"wp:term":[{"taxonomy":"category","embeddable":true,"href":"https:\/\/aulad.com\/blog\/wp-json\/wp\/v2\/categories?post=8597"},{"taxonomy":"post_tag","embeddable":true,"href":"https:\/\/aulad.com\/blog\/wp-json\/wp\/v2\/tags?post=8597"}],"curies":[{"name":"wp","href":"https:\/\/api.w.org\/{rel}","templated":true}]}}