{"id":8531,"date":"2017-03-30T19:17:35","date_gmt":"2017-03-30T17:17:35","guid":{"rendered":"http:\/\/aulad.com\/blog\/?p=8531"},"modified":"2017-03-30T19:17:35","modified_gmt":"2017-03-30T17:17:35","slug":"cursinos-do-2o-trimestre-en-aula-d","status":"publish","type":"post","link":"https:\/\/aulad.com\/blog\/2017\/03\/30\/cursinos-do-2o-trimestre-en-aula-d\/","title":{"rendered":"Cursi\u00f1os do 2\u00ba trimestre en Aula D"},"content":{"rendered":"<p>Calendario dos cursi\u00f1os impartidos en AulaD para o 2\u00ba trimestre de 2017:<\/p>\n<p>&nbsp;<\/p>\n<p><strong><span style=\"color: #808000;\"><a style=\"color: #808000; text-decoration: underline;\" href=\"https:\/\/aulad.com\/cursos\/curso-de-reforma-interior-de-viviendas\/\" target=\"_blank\">Curso de<\/a><a style=\"color: #808000; text-decoration: underline;\" href=\"https:\/\/aulad.com\/cursos\/curso-de-reforma-interior-de-viviendas\/\" target=\"_blank\"> Reforma<\/a><a style=\"color: #808000; text-decoration: underline;\" href=\"https:\/\/aulad.com\/cursos\/curso-de-reforma-interior-de-viviendas\/\" target=\"_blank\"> Interior de Vivendas<\/a><\/span><\/strong><\/p>\n<p style=\"padding-left: 30px;\">30 horas lectivas<strong> luns e xoves <\/strong>dende o 20 de abril<\/p>\n<p>&nbsp;<\/p>\n<p><span style=\"text-decoration: underline;\"><span style=\"color: #808000;\"><strong><a style=\"color: #808000; text-decoration: underline;\" href=\"https:\/\/aulad.com\/cursos\/ilustracion-e-banda-desenada\/\" target=\"_blank\">Curso de Ilustraci\u00f3n e Banda Dese\u00f1ada<\/a><\/strong><\/span><\/span><\/p>\n<p style=\"padding-left: 30px;\">42 horas lectivas <strong>luns e m\u00e9rcores<\/strong> dende\u00a0o 15 de maio<\/p>\n<p>&nbsp;<\/p>\n<p><span style=\"text-decoration: underline;\"><strong><span style=\"color: #808000;\"><a style=\"color: #808000; text-decoration: underline;\" href=\"https:\/\/aulad.com\/cursos\/monograficos\/curso-de-impresion-3d\/\" target=\"_blank\">Curso de Impresi\u00f3n 3D<\/a><\/span><\/strong><\/span><\/p>\n<p style=\"padding-left: 30px;\">20 horas lectivas <strong>venres e s\u00e1bado<\/strong> dende o 19 de maio<\/p>\n<p>&nbsp;<\/p>\n<p><span style=\"text-decoration: underline;\"><span style=\"color: #808000;\"><strong><a style=\"color: #808000; text-decoration: underline;\" href=\"https:\/\/aulad.com\/cursos\/preparacion-as-probas-de-acceso\/\" target=\"_blank\">Curso Preparatorio das Probas de Acceso<\/a><\/strong><\/span><\/span><\/p>\n<p style=\"padding-left: 30px;\">40 horas lectivas<strong> de luns a venres<\/strong> dende o 19 de xu\u00f1o<\/p>\n<p>&nbsp;<\/p>\n","protected":false},"excerpt":{"rendered":"<p>Calendario dos cursi\u00f1os impartidos en AulaD para o 2\u00ba trimestre de 2017: &nbsp; Curso de Reforma Interior de Vivendas 30 horas lectivas luns e xoves dende o 20 de abril &nbsp; Curso de Ilustraci\u00f3n e Banda Dese\u00f1ada 42 horas lectivas luns e m\u00e9rcores dende\u00a0o 15 de maio &nbsp; Curso de Impresi\u00f3n 3D 20 horas lectivas [&hellip;]<\/p>\n","protected":false},"author":1,"featured_media":0,"comment_status":"open","ping_status":"open","sticky":false,"template":"","format":"standard","meta":{"footnotes":""},"categories":[89,14,18],"tags":[],"_links":{"self":[{"href":"https:\/\/aulad.com\/blog\/wp-json\/wp\/v2\/posts\/8531"}],"collection":[{"href":"https:\/\/aulad.com\/blog\/wp-json\/wp\/v2\/posts"}],"about":[{"href":"https:\/\/aulad.com\/blog\/wp-json\/wp\/v2\/types\/post"}],"author":[{"embeddable":true,"href":"https:\/\/aulad.com\/blog\/wp-json\/wp\/v2\/users\/1"}],"replies":[{"embeddable":true,"href":"https:\/\/aulad.com\/blog\/wp-json\/wp\/v2\/comments?post=8531"}],"version-history":[{"count":8,"href":"https:\/\/aulad.com\/blog\/wp-json\/wp\/v2\/posts\/8531\/revisions"}],"predecessor-version":[{"id":8539,"href":"https:\/\/aulad.com\/blog\/wp-json\/wp\/v2\/posts\/8531\/revisions\/8539"}],"wp:attachment":[{"href":"https:\/\/aulad.com\/blog\/wp-json\/wp\/v2\/media?parent=8531"}],"wp:term":[{"taxonomy":"category","embeddable":true,"href":"https:\/\/aulad.com\/blog\/wp-json\/wp\/v2\/categories?post=8531"},{"taxonomy":"post_tag","embeddable":true,"href":"https:\/\/aulad.com\/blog\/wp-json\/wp\/v2\/tags?post=8531"}],"curies":[{"name":"wp","href":"https:\/\/api.w.org\/{rel}","templated":true}]}}