{"id":8498,"date":"2017-03-07T23:07:16","date_gmt":"2017-03-07T22:07:16","guid":{"rendered":"http:\/\/aulad.com\/blog\/?p=8498"},"modified":"2017-03-07T23:07:16","modified_gmt":"2017-03-07T22:07:16","slug":"curso-de-reforma-interior-de-vivendas-2","status":"publish","type":"post","link":"https:\/\/aulad.com\/blog\/2017\/03\/07\/curso-de-reforma-interior-de-vivendas-2\/","title":{"rendered":"Curso de Reforma Interior de Vivendas"},"content":{"rendered":"<p>A partires do 20 de abril e durante cinco semanas impartiremos o novo<strong> Curso de Reforma Interior de Vivendas<\/strong>.<\/p>\n<div>O horario ser\u00e1 os luns e xoves de 18.00h a 21.00h.<\/div>\n<div><\/div>\n<div>O curso estruct\u00farase en catro bloques:<\/div>\n<div style=\"padding-left: 30px;\"><span style=\"color: #000000;\">1. A vivenda, reflexi\u00f3ns iniciais.<\/span><\/div>\n<div style=\"padding-left: 30px;\"><span style=\"color: #000000;\">2. A representaci\u00f3n do espazo.<\/span><\/div>\n<div style=\"padding-left: 30px;\"><span style=\"color: #000000;\">3. Construcci\u00f3n e instalaci\u00f3ns.<\/span><\/div>\n<div style=\"padding-left: 30px;\"><span style=\"color: #000000;\">4. Proxecto de reforma.<\/span><\/div>\n<div><\/div>\n<div>M\u00e1is info en\u00a0<a href=\"https:\/\/aulad.com\/cursos\/curso-de-reforma-interior-de-viviendas\/\" target=\"_blank\">https:\/\/aulad.com\/cursos\/curso-de-reforma-interior-de-viviendas\/<\/a><\/div>\n<div><\/div>\n<div>Xa podes facer a t\u00faa reserva de praza.<\/div>\n<div><\/div>\n<div><\/div>\n<div><a href=\"https:\/\/aulad.com\/blog\/wp-content\/uploads\/2017\/03\/cartel-curso-vivenda2016-e1488924022114.jpg\" rel=\"lightbox[8498]\"><img loading=\"lazy\" decoding=\"async\" class=\"lazy size-full wp-image-8499 alignleft\" src=\"https:\/\/aulad.com\/blog\/wp-content\/plugins\/jquery-image-lazy-loading\/images\/grey.gif\" data-original=\"https:\/\/aulad.com\/blog\/wp-content\/uploads\/2017\/03\/cartel-curso-vivenda2016-e1488924022114.jpg\" alt=\"cartel-curso-vivenda2017\" width=\"650\" height=\"246\" \/><noscript><img loading=\"lazy\" decoding=\"async\" class=\"size-full wp-image-8499 alignleft\" src=\"https:\/\/aulad.com\/blog\/wp-content\/uploads\/2017\/03\/cartel-curso-vivenda2016-e1488924022114.jpg\" alt=\"cartel-curso-vivenda2017\" width=\"650\" height=\"246\" \/><\/noscript><\/a><\/div>\n<div><\/div>\n<div><\/div>\n","protected":false},"excerpt":{"rendered":"<p>A partires do 20 de abril e durante cinco semanas impartiremos o novo Curso de Reforma Interior de Vivendas. O horario ser\u00e1 os luns e xoves de 18.00h a 21.00h. O curso estruct\u00farase en catro bloques: 1. A vivenda, reflexi\u00f3ns iniciais. 2. A representaci\u00f3n do espazo. 3. Construcci\u00f3n e instalaci\u00f3ns. 4. Proxecto de reforma. M\u00e1is [&hellip;]<\/p>\n","protected":false},"author":1,"featured_media":0,"comment_status":"open","ping_status":"open","sticky":false,"template":"","format":"standard","meta":{"footnotes":""},"categories":[20,89,18,1],"tags":[],"_links":{"self":[{"href":"https:\/\/aulad.com\/blog\/wp-json\/wp\/v2\/posts\/8498"}],"collection":[{"href":"https:\/\/aulad.com\/blog\/wp-json\/wp\/v2\/posts"}],"about":[{"href":"https:\/\/aulad.com\/blog\/wp-json\/wp\/v2\/types\/post"}],"author":[{"embeddable":true,"href":"https:\/\/aulad.com\/blog\/wp-json\/wp\/v2\/users\/1"}],"replies":[{"embeddable":true,"href":"https:\/\/aulad.com\/blog\/wp-json\/wp\/v2\/comments?post=8498"}],"version-history":[{"count":6,"href":"https:\/\/aulad.com\/blog\/wp-json\/wp\/v2\/posts\/8498\/revisions"}],"predecessor-version":[{"id":8505,"href":"https:\/\/aulad.com\/blog\/wp-json\/wp\/v2\/posts\/8498\/revisions\/8505"}],"wp:attachment":[{"href":"https:\/\/aulad.com\/blog\/wp-json\/wp\/v2\/media?parent=8498"}],"wp:term":[{"taxonomy":"category","embeddable":true,"href":"https:\/\/aulad.com\/blog\/wp-json\/wp\/v2\/categories?post=8498"},{"taxonomy":"post_tag","embeddable":true,"href":"https:\/\/aulad.com\/blog\/wp-json\/wp\/v2\/tags?post=8498"}],"curies":[{"name":"wp","href":"https:\/\/api.w.org\/{rel}","templated":true}]}}