{"id":8421,"date":"2016-10-19T10:44:59","date_gmt":"2016-10-19T08:44:59","guid":{"rendered":"http:\/\/aulad.com\/blog\/?p=8421"},"modified":"2016-10-19T11:17:46","modified_gmt":"2016-10-19T09:17:46","slug":"miguel-nunez-exposicion-de-fotografias","status":"publish","type":"post","link":"https:\/\/aulad.com\/blog\/2016\/10\/19\/miguel-nunez-exposicion-de-fotografias\/","title":{"rendered":"Miguel N\u00fa\u00f1ez. Exposici\u00f3n de fotograf\u00edas"},"content":{"rendered":"<p><img loading=\"lazy\" decoding=\"async\" class=\"lazy aligncenter size-large wp-image-8426\" src=\"https:\/\/aulad.com\/blog\/wp-content\/plugins\/jquery-image-lazy-loading\/images\/grey.gif\" data-original=\"https:\/\/aulad.com\/blog\/wp-content\/uploads\/2016\/10\/cartel-miguel-baixa-1024x363.jpg\" alt=\"cartel-miguel-baixa\" width=\"695\" height=\"246\" \/><noscript><img loading=\"lazy\" decoding=\"async\" class=\"aligncenter size-large wp-image-8426\" src=\"https:\/\/aulad.com\/blog\/wp-content\/uploads\/2016\/10\/cartel-miguel-baixa-1024x363.jpg\" alt=\"cartel-miguel-baixa\" width=\"695\" height=\"246\" srcset=\"https:\/\/aulad.com\/blog\/wp-content\/uploads\/2016\/10\/cartel-miguel-baixa-1024x363.jpg 1024w, https:\/\/aulad.com\/blog\/wp-content\/uploads\/2016\/10\/cartel-miguel-baixa-300x106.jpg 300w, https:\/\/aulad.com\/blog\/wp-content\/uploads\/2016\/10\/cartel-miguel-baixa-768x272.jpg 768w, https:\/\/aulad.com\/blog\/wp-content\/uploads\/2016\/10\/cartel-miguel-baixa.jpg 1191w\" sizes=\"(max-width: 695px) 100vw, 695px\" \/><\/noscript><\/p>\n<p>&nbsp;<\/p>\n<p>O venres 21 de outubro \u00e1s 12.30h ter\u00e1 lugar en Aula D a inauguraci\u00f3n da exposici\u00f3n de fotograf\u00eda\u00a0<strong>IDOMENI. CAMPO DE REFUGIADOS<\/strong> de Miguel N\u00fa\u00f1ez, que ven a contarnos a s\u00faa experiencia na fronteira entre Grecia e Macedonia durante os meses de abril e maio deste ano.<\/p>\n<p style=\"padding-left: 60px;\"><em>\u00abFui para documentar y contar historias; para entender qu\u00e9\u00a0ocurre y por qu\u00e9&#8230;y para difundir. Sabiendo que ya no son noticia\u00a0-solo la emergencia vende peri\u00f3dicos- pero tanto yo como otros compa\u00f1eros, que estuvimos muy cerca y les miramos a los ojos, tenemos la obligaci\u00f3n de recordar que a\u00fan est\u00e1n ah\u00ed, en un limbo. Y no son invisibles. El fotoperiodismo es mas necesario que nunca pero el negocio del periodismo es el que est\u00e1 en crisis y mutando.\u00bb<\/em><\/p>\n<p><strong>Miguel Nu\u00f1ez<\/strong>\u00a0\u00e9\u00a0fotografo freelance\u00a0con aspiracions como documentalista. Ven do fotoperiodismo local\u00a0onde traballou e colaborou en xornais como Faro de Vigo, Que , 20 minutos, A Nosa Terra,\u00a0La Voz de Galicia, Galicia Confidencial, &#8230; Tam\u00e9n colabora coa ONG Agareso.<\/p>\n<p>Podes ver no seguinte enlace a entrevista da TVG que lle fixeron a Miguel N\u00fa\u00f1ez recentemente en Aula D.<\/p>\n<p><span style=\"color: #808000;\"><a style=\"color: #808000;\" href=\"http:\/\/www.crtvg.es\/informativos\/conecemos-o-traballo-do-fotoxornalista-galego-miguel-nunez-a-traves-do-seu-proxecto-invisibles-2391470\" target=\"_blank\">http:\/\/www.crtvg.es\/informativos\/conecemos-o-traballo-do-fotoxornalista-galego-miguel-nunez-a-traves-do-seu-proxecto-invisibles-2391470<\/a><\/span><\/p>\n","protected":false},"excerpt":{"rendered":"<p>&nbsp; O venres 21 de outubro \u00e1s 12.30h ter\u00e1 lugar en Aula D a inauguraci\u00f3n da exposici\u00f3n de fotograf\u00eda\u00a0IDOMENI. CAMPO DE REFUGIADOS de Miguel N\u00fa\u00f1ez, que ven a contarnos a s\u00faa experiencia na fronteira entre Grecia e Macedonia durante os meses de abril e maio deste ano. \u00abFui para documentar y contar historias; para entender [&hellip;]<\/p>\n","protected":false},"author":1,"featured_media":0,"comment_status":"open","ping_status":"open","sticky":false,"template":"","format":"standard","meta":{"footnotes":""},"categories":[21,22],"tags":[],"_links":{"self":[{"href":"https:\/\/aulad.com\/blog\/wp-json\/wp\/v2\/posts\/8421"}],"collection":[{"href":"https:\/\/aulad.com\/blog\/wp-json\/wp\/v2\/posts"}],"about":[{"href":"https:\/\/aulad.com\/blog\/wp-json\/wp\/v2\/types\/post"}],"author":[{"embeddable":true,"href":"https:\/\/aulad.com\/blog\/wp-json\/wp\/v2\/users\/1"}],"replies":[{"embeddable":true,"href":"https:\/\/aulad.com\/blog\/wp-json\/wp\/v2\/comments?post=8421"}],"version-history":[{"count":9,"href":"https:\/\/aulad.com\/blog\/wp-json\/wp\/v2\/posts\/8421\/revisions"}],"predecessor-version":[{"id":8431,"href":"https:\/\/aulad.com\/blog\/wp-json\/wp\/v2\/posts\/8421\/revisions\/8431"}],"wp:attachment":[{"href":"https:\/\/aulad.com\/blog\/wp-json\/wp\/v2\/media?parent=8421"}],"wp:term":[{"taxonomy":"category","embeddable":true,"href":"https:\/\/aulad.com\/blog\/wp-json\/wp\/v2\/categories?post=8421"},{"taxonomy":"post_tag","embeddable":true,"href":"https:\/\/aulad.com\/blog\/wp-json\/wp\/v2\/tags?post=8421"}],"curies":[{"name":"wp","href":"https:\/\/api.w.org\/{rel}","templated":true}]}}