{"id":8319,"date":"2016-04-13T11:00:32","date_gmt":"2016-04-13T09:00:32","guid":{"rendered":"http:\/\/aulad.com\/blog\/?p=8319"},"modified":"2016-04-13T00:47:56","modified_gmt":"2016-04-12T22:47:56","slug":"ser-es-crear-exposicion-de-vanesa-alvarez-diaz","status":"publish","type":"post","link":"https:\/\/aulad.com\/blog\/2016\/04\/13\/ser-es-crear-exposicion-de-vanesa-alvarez-diaz\/","title":{"rendered":"SER ES CREAR, exposici\u00f3n de Vanesa \u00c1lvarez D\u00edaz"},"content":{"rendered":"<p><img loading=\"lazy\" decoding=\"async\" class=\"lazy aligncenter size-large wp-image-8321\" src=\"https:\/\/aulad.com\/blog\/wp-content\/plugins\/jquery-image-lazy-loading\/images\/grey.gif\" data-original=\"https:\/\/aulad.com\/blog\/wp-content\/uploads\/2016\/04\/12986493_1301950056498261_1549108344_o-1024x683.jpg\" alt=\"vanesa-alvarez\" width=\"695\" height=\"464\" \/><noscript><img loading=\"lazy\" decoding=\"async\" class=\"aligncenter size-large wp-image-8321\" src=\"https:\/\/aulad.com\/blog\/wp-content\/uploads\/2016\/04\/12986493_1301950056498261_1549108344_o-1024x683.jpg\" alt=\"vanesa-alvarez\" width=\"695\" height=\"464\" srcset=\"https:\/\/aulad.com\/blog\/wp-content\/uploads\/2016\/04\/12986493_1301950056498261_1549108344_o.jpg 1024w, https:\/\/aulad.com\/blog\/wp-content\/uploads\/2016\/04\/12986493_1301950056498261_1549108344_o-300x200.jpg 300w, https:\/\/aulad.com\/blog\/wp-content\/uploads\/2016\/04\/12986493_1301950056498261_1549108344_o-768x512.jpg 768w\" sizes=\"(max-width: 695px) 100vw, 695px\" \/><\/noscript><\/p>\n<p>O vindeiro venres d\u00eda 12 \u00e1s 19:30h. inaug\u00farase na galer\u00eda\u00a0<a href=\"https:\/\/www.facebook.com\/sohodevigo.es\" target=\"_blank\">SOHO<\/a> (Praza de Compostela 8, Vigo) a exposici\u00f3n <strong><em>Ser es crear<\/em><\/strong>, da artista gr\u00e1fica, dese\u00f1adora, e exalumna de Aula D, <strong>Vanesa \u00c1lvarez D\u00edaz<\/strong>.<\/p>\n<p>Arte e poes\u00eda sempre tiveron unha marca palpable nos dese\u00f1os desta artista gr\u00e1fica que participou en exposici\u00f3ns de xoier\u00eda (premios GZ Crea), fotograf\u00eda (Casa das Mulleres) na performance \u00abXard\u00edn Segredo\u00bb no M.A.R.C.O. (en colaboraci\u00f3n con <a href=\"http:\/\/lacanallavigo.blogspot.com.es\/\" target=\"_blank\">La Canalla<\/a>) ou en colectivas de cartelismo \u00abPlantemos cara \u00e1s armas\u00bb no VERBUM.<\/p>\n<p>Nesta exposici\u00f3n, composta por 22 pezas, pres\u00e9ntanos unha retrospectiva das mellores ilustraci\u00f3ns de carteis de <a href=\"http:\/\/www.lafiestadelosmaniquies.com\/\" target=\"_blank\"><em>La Fiesta de los Maniqu\u00edes<\/em> <\/a>(Cocktail &amp; Music Club en Vigo, centro de lecer e motor cultural vigu\u00e9s dende 2010, e que dirixe co seu compa\u00f1eiro, o poeta Marcos de la Fuente).<\/p>\n<p>No seu imaxinario adiv\u00ed\u00f1anse viaxes polo mundo, cunha proposta moi ic\u00f3nica que dota de vida corpos, xeometr\u00edas e estruturas posmodernistas, coa natureza como axente inspirador. O encontro entre o salvaxe e o urb\u00e1n desemboca nun paseo a polo universo dos so\u00f1os que se vai descifrando a trav\u00e9s unha visi\u00f3n optimista do mundo que nos rodea.<\/p>\n<p>O feminino refl\u00edctese no seu traballo como unha forza visionaria, con ecos de Barbara Kruger, Cindy Sherman ou Marina Abramovic, reivindicando a figura da muller loitadora e sofisticada. A pasarela de moda, a Bauhaus, Win Wenders, Joseph Beuys, Nam June Paik ou Banksy son algunhas das s\u00faas influencias directas.<\/p>\n<p>Esta exposici\u00f3n \u00e9 tam\u00e9n unha reivindicaci\u00f3n da figura do artista gr\u00e1fico nas galer\u00edas de arte, sexa como un creador directo ou xerador de conceptos art\u00edsticos. A creaci\u00f3n como principio vital. A creaci\u00f3n como fonte de vida ou cando crear \u00e9 dar existencia \u00e1 propia obra e a un mesmo.<\/p>\n<div id='gallery-1' class='gallery galleryid-8319 gallery-columns-3 gallery-size-thumbnail'><figure class='gallery-item'>\n\t\t\t<div class='gallery-icon portrait'>\n\t\t\t\t<a href='https:\/\/aulad.com\/blog\/wp-content\/uploads\/2016\/04\/12986312_1301950026498264_1295806019_o.jpg' rel=\"lightbox[8319]\"><img loading=\"lazy\" decoding=\"async\" width=\"150\" height=\"150\" src=\"https:\/\/aulad.com\/blog\/wp-content\/plugins\/jquery-image-lazy-loading\/images\/grey.gif\" data-original=\"https:\/\/aulad.com\/blog\/wp-content\/uploads\/2016\/04\/12986312_1301950026498264_1295806019_o-150x150.jpg\" class=\"lazy attachment-thumbnail size-thumbnail\" alt=\"\" \/><noscript><img loading=\"lazy\" decoding=\"async\" width=\"150\" height=\"150\" src=\"https:\/\/aulad.com\/blog\/wp-content\/uploads\/2016\/04\/12986312_1301950026498264_1295806019_o-150x150.jpg\" class=\"attachment-thumbnail size-thumbnail\" alt=\"\" \/><\/noscript><\/a>\n\t\t\t<\/div><\/figure><figure class='gallery-item'>\n\t\t\t<div class='gallery-icon landscape'>\n\t\t\t\t<a href='https:\/\/aulad.com\/blog\/wp-content\/uploads\/2016\/04\/13009800_1301878849838715_2091382846_o.jpg' rel=\"lightbox[8319]\"><img loading=\"lazy\" decoding=\"async\" width=\"150\" height=\"150\" src=\"https:\/\/aulad.com\/blog\/wp-content\/plugins\/jquery-image-lazy-loading\/images\/grey.gif\" data-original=\"https:\/\/aulad.com\/blog\/wp-content\/uploads\/2016\/04\/13009800_1301878849838715_2091382846_o-150x150.jpg\" class=\"lazy attachment-thumbnail size-thumbnail\" alt=\"\" \/><noscript><img loading=\"lazy\" decoding=\"async\" width=\"150\" height=\"150\" src=\"https:\/\/aulad.com\/blog\/wp-content\/uploads\/2016\/04\/13009800_1301878849838715_2091382846_o-150x150.jpg\" class=\"attachment-thumbnail size-thumbnail\" alt=\"\" \/><\/noscript><\/a>\n\t\t\t<\/div><\/figure><figure class='gallery-item'>\n\t\t\t<div class='gallery-icon portrait'>\n\t\t\t\t<a href='https:\/\/aulad.com\/blog\/wp-content\/uploads\/2016\/04\/13016777_1301950076498259_1206194217_o.jpg' rel=\"lightbox[8319]\"><img loading=\"lazy\" decoding=\"async\" width=\"150\" height=\"150\" src=\"https:\/\/aulad.com\/blog\/wp-content\/plugins\/jquery-image-lazy-loading\/images\/grey.gif\" data-original=\"https:\/\/aulad.com\/blog\/wp-content\/uploads\/2016\/04\/13016777_1301950076498259_1206194217_o-150x150.jpg\" class=\"lazy attachment-thumbnail size-thumbnail\" alt=\"\" \/><noscript><img loading=\"lazy\" decoding=\"async\" width=\"150\" height=\"150\" src=\"https:\/\/aulad.com\/blog\/wp-content\/uploads\/2016\/04\/13016777_1301950076498259_1206194217_o-150x150.jpg\" class=\"attachment-thumbnail size-thumbnail\" alt=\"\" \/><\/noscript><\/a>\n\t\t\t<\/div><\/figure>\n\t\t<\/div>\n\n","protected":false},"excerpt":{"rendered":"<p>O vindeiro venres d\u00eda 12 \u00e1s 19:30h. inaug\u00farase na galer\u00eda\u00a0SOHO (Praza de Compostela 8, Vigo) a exposici\u00f3n Ser es crear, da artista gr\u00e1fica, dese\u00f1adora, e exalumna de Aula D, Vanesa \u00c1lvarez D\u00edaz. Arte e poes\u00eda sempre tiveron unha marca palpable nos dese\u00f1os desta artista gr\u00e1fica que participou en exposici\u00f3ns de xoier\u00eda (premios GZ Crea), fotograf\u00eda [&hellip;]<\/p>\n","protected":false},"author":1,"featured_media":0,"comment_status":"open","ping_status":"open","sticky":false,"template":"","format":"standard","meta":{"footnotes":""},"categories":[21],"tags":[107,34],"_links":{"self":[{"href":"https:\/\/aulad.com\/blog\/wp-json\/wp\/v2\/posts\/8319"}],"collection":[{"href":"https:\/\/aulad.com\/blog\/wp-json\/wp\/v2\/posts"}],"about":[{"href":"https:\/\/aulad.com\/blog\/wp-json\/wp\/v2\/types\/post"}],"author":[{"embeddable":true,"href":"https:\/\/aulad.com\/blog\/wp-json\/wp\/v2\/users\/1"}],"replies":[{"embeddable":true,"href":"https:\/\/aulad.com\/blog\/wp-json\/wp\/v2\/comments?post=8319"}],"version-history":[{"count":2,"href":"https:\/\/aulad.com\/blog\/wp-json\/wp\/v2\/posts\/8319\/revisions"}],"predecessor-version":[{"id":8325,"href":"https:\/\/aulad.com\/blog\/wp-json\/wp\/v2\/posts\/8319\/revisions\/8325"}],"wp:attachment":[{"href":"https:\/\/aulad.com\/blog\/wp-json\/wp\/v2\/media?parent=8319"}],"wp:term":[{"taxonomy":"category","embeddable":true,"href":"https:\/\/aulad.com\/blog\/wp-json\/wp\/v2\/categories?post=8319"},{"taxonomy":"post_tag","embeddable":true,"href":"https:\/\/aulad.com\/blog\/wp-json\/wp\/v2\/tags?post=8319"}],"curies":[{"name":"wp","href":"https:\/\/api.w.org\/{rel}","templated":true}]}}