{"id":8187,"date":"2016-01-18T21:39:26","date_gmt":"2016-01-18T20:39:26","guid":{"rendered":"http:\/\/aulad.com\/blog\/?p=8187"},"modified":"2016-01-18T21:51:18","modified_gmt":"2016-01-18T20:51:18","slug":"seminario-de-comunicacion-e-imaxe-persoal-en-entrevistas-de-traballo","status":"publish","type":"post","link":"https:\/\/aulad.com\/blog\/2016\/01\/18\/seminario-de-comunicacion-e-imaxe-persoal-en-entrevistas-de-traballo\/","title":{"rendered":"Seminario de comunicaci\u00f3n e imaxe persoal en entrevistas de traballo"},"content":{"rendered":"<p><img loading=\"lazy\" decoding=\"async\" class=\"lazy alignnone wp-image-8190 size-full\" src=\"https:\/\/aulad.com\/blog\/wp-content\/plugins\/jquery-image-lazy-loading\/images\/grey.gif\" data-original=\"https:\/\/aulad.com\/blog\/wp-content\/uploads\/2016\/01\/seminario1.jpg\" alt=\"seminario-comunicacion\" width=\"700\" height=\"467\" \/><noscript><img loading=\"lazy\" decoding=\"async\" class=\"alignnone wp-image-8190 size-full\" src=\"https:\/\/aulad.com\/blog\/wp-content\/uploads\/2016\/01\/seminario1.jpg\" alt=\"seminario-comunicacion\" width=\"700\" height=\"467\" srcset=\"https:\/\/aulad.com\/blog\/wp-content\/uploads\/2016\/01\/seminario1.jpg 700w, https:\/\/aulad.com\/blog\/wp-content\/uploads\/2016\/01\/seminario1-300x200.jpg 300w\" sizes=\"(max-width: 700px) 100vw, 700px\" \/><\/noscript><\/p>\n<p>Ma\u00f1\u00e1 martes d\u00eda 19 de xaneiro comeza o\u00a0<em>Seminario de comunicaci\u00f3n e imaxe persoal en entrevistas de traballo.<\/em>\u00a0Impartido por Laura Mart\u00edn os d\u00edas 19 e 26 de xaneiro e 2 e 16 de febreiro en horario de 16:30 a 19:00,\u00a0\u00a0analizaranse os principais aspectos relacionados coas din\u00e1micas que se desenvolven habitualmente nas entrevistas de traballo e cuxo co\u00f1ecemento pode resultar decisivo \u00e1 hora de optar a un emprego.<\/p>\n<p>A este seminario, orientado inicialmente ao alumnado de proxecto final do Ciclo Superior de Gr\u00e1fica Publicitaria,\u00a0<span style=\"text-decoration: underline;\">est\u00e1n invitados\u00a0tam\u00e9n todolos exalumnos\/as que te\u00f1an rematado os seus estudos na escola<\/span>; para participar s\u00f3 ser\u00e1 necesario notificalo no enderezo de correo electr\u00f3nico da escola <a href=\"mailto:info@aulad.com\">info@aulad.com<\/a><\/p>\n","protected":false},"excerpt":{"rendered":"<p>Ma\u00f1\u00e1 martes d\u00eda 19 de xaneiro comeza o\u00a0Seminario de comunicaci\u00f3n e imaxe persoal en entrevistas de traballo.\u00a0Impartido por Laura Mart\u00edn os d\u00edas 19 e 26 de xaneiro e 2 e 16 de febreiro en horario de 16:30 a 19:00,\u00a0\u00a0analizaranse os principais aspectos relacionados coas din\u00e1micas que se desenvolven habitualmente nas entrevistas de traballo e cuxo [&hellip;]<\/p>\n","protected":false},"author":1,"featured_media":0,"comment_status":"open","ping_status":"open","sticky":false,"template":"","format":"standard","meta":{"footnotes":""},"categories":[89],"tags":[73,38,88,107],"_links":{"self":[{"href":"https:\/\/aulad.com\/blog\/wp-json\/wp\/v2\/posts\/8187"}],"collection":[{"href":"https:\/\/aulad.com\/blog\/wp-json\/wp\/v2\/posts"}],"about":[{"href":"https:\/\/aulad.com\/blog\/wp-json\/wp\/v2\/types\/post"}],"author":[{"embeddable":true,"href":"https:\/\/aulad.com\/blog\/wp-json\/wp\/v2\/users\/1"}],"replies":[{"embeddable":true,"href":"https:\/\/aulad.com\/blog\/wp-json\/wp\/v2\/comments?post=8187"}],"version-history":[{"count":2,"href":"https:\/\/aulad.com\/blog\/wp-json\/wp\/v2\/posts\/8187\/revisions"}],"predecessor-version":[{"id":8191,"href":"https:\/\/aulad.com\/blog\/wp-json\/wp\/v2\/posts\/8187\/revisions\/8191"}],"wp:attachment":[{"href":"https:\/\/aulad.com\/blog\/wp-json\/wp\/v2\/media?parent=8187"}],"wp:term":[{"taxonomy":"category","embeddable":true,"href":"https:\/\/aulad.com\/blog\/wp-json\/wp\/v2\/categories?post=8187"},{"taxonomy":"post_tag","embeddable":true,"href":"https:\/\/aulad.com\/blog\/wp-json\/wp\/v2\/tags?post=8187"}],"curies":[{"name":"wp","href":"https:\/\/api.w.org\/{rel}","templated":true}]}}