{"id":8138,"date":"2015-12-02T12:16:39","date_gmt":"2015-12-02T11:16:39","guid":{"rendered":"http:\/\/aulad.com\/blog\/?p=8138"},"modified":"2015-12-02T12:16:39","modified_gmt":"2015-12-02T11:16:39","slug":"cose-unha-casa-habita-unha-prenda","status":"publish","type":"post","link":"https:\/\/aulad.com\/blog\/2015\/12\/02\/cose-unha-casa-habita-unha-prenda\/","title":{"rendered":"Cose unha Casa \/ Habita unha prenda"},"content":{"rendered":"<p>Como ven sendo costume en <strong>Aula D<\/strong>, as d\u00faas \u00faltimas semanas lectivas do ano adic\u00e1molas\u00a0ao traballo conxunto. Un proxecto no que todo o alumnado da escola, tanto de dese\u00f1o gr\u00e1fico como de interiores, ten a oportunidade de traballar en grupos desenvolvendo un proxecto fora da rutina acad\u00e9mica, onde prevalece a imaxinaci\u00f3n e a creatividade m\u00e1is al\u00f3 do propio dese\u00f1o.<\/p>\n<p>Despois da grata experiencia do ano pasado<a title=\"traballo conxunto 2014\" href=\"https:\/\/aulad.com\/blog\/2015\/01\/22\/islas-naufragos-invisibles-proxecto-conxunto-2014\/#more-7775\" target=\"_blank\"><span style=\"color: #808000;\"><strong> Islas, n\u00e1ufragos invisibles<\/strong><\/span><\/a> , coa participaci\u00f3n do fot\u00f3grafo <strong>Miguel N\u00fa\u00f1ez<\/strong> e o poeta <strong>Juli\u00e1n Rodr\u00edguez<\/strong>, este ano temos a colaboraci\u00f3n de <a title=\"la canalla\" href=\"http:\/\/lacanalla.es\/\" target=\"_blank\"><span style=\"color: #808000;\"><strong>La Canalla<\/strong><\/span><\/a>, que nos prop\u00f3n o tema <span style=\"color: #808000;\">Cose unha Casa \/ Habita unha prenda<\/span>, que realizaremos do 9 ao 18 de decembro.<\/p>\n<p><img loading=\"lazy\" decoding=\"async\" class=\"lazy aligncenter size-large wp-image-8140\" src=\"https:\/\/aulad.com\/blog\/wp-content\/plugins\/jquery-image-lazy-loading\/images\/grey.gif\" data-original=\"https:\/\/aulad.com\/blog\/wp-content\/uploads\/2015\/12\/la-canalla-1024x409.jpg\" alt=\"la canalla\" width=\"695\" height=\"278\" \/><noscript><img loading=\"lazy\" decoding=\"async\" class=\"aligncenter size-large wp-image-8140\" src=\"https:\/\/aulad.com\/blog\/wp-content\/uploads\/2015\/12\/la-canalla-1024x409.jpg\" alt=\"la canalla\" width=\"695\" height=\"278\" srcset=\"https:\/\/aulad.com\/blog\/wp-content\/uploads\/2015\/12\/la-canalla-1024x409.jpg 1024w, https:\/\/aulad.com\/blog\/wp-content\/uploads\/2015\/12\/la-canalla-300x120.jpg 300w, https:\/\/aulad.com\/blog\/wp-content\/uploads\/2015\/12\/la-canalla.jpg 1042w\" sizes=\"(max-width: 695px) 100vw, 695px\" \/><\/noscript><\/p>\n<p>O traballo comeza o m\u00e9rcores 9 \u00e1s 10.00h cunha presentaci\u00f3n de <strong>La Canalla<\/strong> sobre a s\u00faa traxectoria art\u00edstica e unha proposta de actividade para reflexionar e experimentar o mundo t\u00e9xtil.<\/p>\n<p style=\"padding-left: 90px;\">Coser = Construir<\/p>\n<p style=\"padding-left: 90px;\">Habitar = Doutar de identidade<\/p>\n","protected":false},"excerpt":{"rendered":"<p>Como ven sendo costume en Aula D, as d\u00faas \u00faltimas semanas lectivas do ano adic\u00e1molas\u00a0ao traballo conxunto. Un proxecto no que todo o alumnado da escola, tanto de dese\u00f1o gr\u00e1fico como de interiores, ten a oportunidade de traballar en grupos desenvolvendo un proxecto fora da rutina acad\u00e9mica, onde prevalece a imaxinaci\u00f3n e a creatividade m\u00e1is [&hellip;]<\/p>\n","protected":false},"author":1,"featured_media":0,"comment_status":"open","ping_status":"open","sticky":false,"template":"","format":"standard","meta":{"footnotes":""},"categories":[21,89],"tags":[],"_links":{"self":[{"href":"https:\/\/aulad.com\/blog\/wp-json\/wp\/v2\/posts\/8138"}],"collection":[{"href":"https:\/\/aulad.com\/blog\/wp-json\/wp\/v2\/posts"}],"about":[{"href":"https:\/\/aulad.com\/blog\/wp-json\/wp\/v2\/types\/post"}],"author":[{"embeddable":true,"href":"https:\/\/aulad.com\/blog\/wp-json\/wp\/v2\/users\/1"}],"replies":[{"embeddable":true,"href":"https:\/\/aulad.com\/blog\/wp-json\/wp\/v2\/comments?post=8138"}],"version-history":[{"count":6,"href":"https:\/\/aulad.com\/blog\/wp-json\/wp\/v2\/posts\/8138\/revisions"}],"predecessor-version":[{"id":8145,"href":"https:\/\/aulad.com\/blog\/wp-json\/wp\/v2\/posts\/8138\/revisions\/8145"}],"wp:attachment":[{"href":"https:\/\/aulad.com\/blog\/wp-json\/wp\/v2\/media?parent=8138"}],"wp:term":[{"taxonomy":"category","embeddable":true,"href":"https:\/\/aulad.com\/blog\/wp-json\/wp\/v2\/categories?post=8138"},{"taxonomy":"post_tag","embeddable":true,"href":"https:\/\/aulad.com\/blog\/wp-json\/wp\/v2\/tags?post=8138"}],"curies":[{"name":"wp","href":"https:\/\/api.w.org\/{rel}","templated":true}]}}