{"id":8112,"date":"2015-11-14T19:20:38","date_gmt":"2015-11-14T18:20:38","guid":{"rendered":"http:\/\/aulad.com\/blog\/?p=8112"},"modified":"2015-11-14T19:20:38","modified_gmt":"2015-11-14T18:20:38","slug":"visita-a-estudio-nicolao-e-a-sede-do-coag-en-vigo","status":"publish","type":"post","link":"https:\/\/aulad.com\/blog\/2015\/11\/14\/visita-a-estudio-nicolao-e-a-sede-do-coag-en-vigo\/","title":{"rendered":"Visita a Estudio Nicolao e \u00e1 sede do COAG en Vigo"},"content":{"rendered":"<p>O alumnado de 2\u00ba curso de Dese\u00f1o de Interiores ven de facer unha visita a Estudio Nicolao, que ten as s\u00faas instalaci\u00f3ns na r\u00faa Vel\u00e1zquez Moreno, 40 en Vigo. <span style=\"color: #808000;\"><strong><a style=\"color: #808000; text-decoration: underline;\" title=\"Estudio Nicolao\" href=\"http:\/\/www.estudionicolao.es\/\" target=\"_blank\">Estudio Nicolao<\/a><\/strong><\/span> ad\u00edcase ao dese\u00f1o de mobiliario, equipamento e montaxe de coci\u00f1as de gama alta usando materiais, ferraxes e electrodom\u00e9sticos de gran calidade. O mobiliario utilizado \u00e9 da marca galega <span style=\"color: #808000;\"><strong><a style=\"color: #808000;\" title=\"Mobalco\" href=\"http:\/\/www.mobalco.com\/\" target=\"_blank\">Mobalco<\/a><\/strong><\/span>. Grazas Nico pola t\u00faa profesionalidade.<\/p>\n<p><img loading=\"lazy\" decoding=\"async\" class=\"lazy aligncenter size-large wp-image-8113\" src=\"https:\/\/aulad.com\/blog\/wp-content\/plugins\/jquery-image-lazy-loading\/images\/grey.gif\" data-original=\"https:\/\/aulad.com\/blog\/wp-content\/uploads\/2015\/11\/nico-1024x760.jpg\" alt=\"Estudio Nicolao\" width=\"695\" height=\"516\" \/><noscript><img loading=\"lazy\" decoding=\"async\" class=\"aligncenter size-large wp-image-8113\" src=\"https:\/\/aulad.com\/blog\/wp-content\/uploads\/2015\/11\/nico-1024x760.jpg\" alt=\"Estudio Nicolao\" width=\"695\" height=\"516\" srcset=\"https:\/\/aulad.com\/blog\/wp-content\/uploads\/2015\/11\/nico-1024x760.jpg 1024w, https:\/\/aulad.com\/blog\/wp-content\/uploads\/2015\/11\/nico-300x223.jpg 300w, https:\/\/aulad.com\/blog\/wp-content\/uploads\/2015\/11\/nico.jpg 1399w\" sizes=\"(max-width: 695px) 100vw, 695px\" \/><\/noscript><\/p>\n<p>&nbsp;<\/p>\n<p>Asemade tam\u00e9n visitamos a sede viguesa do<span style=\"color: #808000;\"><strong> <a style=\"color: #808000;\" title=\"COAG\" href=\"http:\/\/portal.coag.es\/\" target=\"_blank\">Colexio Oficial de Arquitectos de Galicia<\/a><\/strong><\/span>, na r\u00faa Doutor Cadaval, 5. Un edificio vangardista, obra do Estudio Irisarri+Pi\u00f1era, cun novedoso concepto de organizaci\u00f3n de espazos de oficinas, cunha fachada de policarbonato celular, que act\u00faa como c\u00e1mara de aire captadora de enerx\u00eda solar.<\/p>\n<p><img loading=\"lazy\" decoding=\"async\" class=\"lazy aligncenter size-large wp-image-8114\" src=\"https:\/\/aulad.com\/blog\/wp-content\/plugins\/jquery-image-lazy-loading\/images\/grey.gif\" data-original=\"https:\/\/aulad.com\/blog\/wp-content\/uploads\/2015\/11\/COAG_Vigo-1024x760.jpg\" alt=\"COAG_Vigo\" width=\"695\" height=\"516\" \/><noscript><img loading=\"lazy\" decoding=\"async\" class=\"aligncenter size-large wp-image-8114\" src=\"https:\/\/aulad.com\/blog\/wp-content\/uploads\/2015\/11\/COAG_Vigo-1024x760.jpg\" alt=\"COAG_Vigo\" width=\"695\" height=\"516\" srcset=\"https:\/\/aulad.com\/blog\/wp-content\/uploads\/2015\/11\/COAG_Vigo-1024x760.jpg 1024w, https:\/\/aulad.com\/blog\/wp-content\/uploads\/2015\/11\/COAG_Vigo-300x223.jpg 300w, https:\/\/aulad.com\/blog\/wp-content\/uploads\/2015\/11\/COAG_Vigo.jpg 1399w\" sizes=\"(max-width: 695px) 100vw, 695px\" \/><\/noscript><\/p>\n","protected":false},"excerpt":{"rendered":"<p>O alumnado de 2\u00ba curso de Dese\u00f1o de Interiores ven de facer unha visita a Estudio Nicolao, que ten as s\u00faas instalaci\u00f3ns na r\u00faa Vel\u00e1zquez Moreno, 40 en Vigo. Estudio Nicolao ad\u00edcase ao dese\u00f1o de mobiliario, equipamento e montaxe de coci\u00f1as de gama alta usando materiais, ferraxes e electrodom\u00e9sticos de gran calidade. O mobiliario utilizado [&hellip;]<\/p>\n","protected":false},"author":1,"featured_media":0,"comment_status":"open","ping_status":"open","sticky":false,"template":"","format":"standard","meta":{"footnotes":""},"categories":[20,18],"tags":[],"_links":{"self":[{"href":"https:\/\/aulad.com\/blog\/wp-json\/wp\/v2\/posts\/8112"}],"collection":[{"href":"https:\/\/aulad.com\/blog\/wp-json\/wp\/v2\/posts"}],"about":[{"href":"https:\/\/aulad.com\/blog\/wp-json\/wp\/v2\/types\/post"}],"author":[{"embeddable":true,"href":"https:\/\/aulad.com\/blog\/wp-json\/wp\/v2\/users\/1"}],"replies":[{"embeddable":true,"href":"https:\/\/aulad.com\/blog\/wp-json\/wp\/v2\/comments?post=8112"}],"version-history":[{"count":4,"href":"https:\/\/aulad.com\/blog\/wp-json\/wp\/v2\/posts\/8112\/revisions"}],"predecessor-version":[{"id":8118,"href":"https:\/\/aulad.com\/blog\/wp-json\/wp\/v2\/posts\/8112\/revisions\/8118"}],"wp:attachment":[{"href":"https:\/\/aulad.com\/blog\/wp-json\/wp\/v2\/media?parent=8112"}],"wp:term":[{"taxonomy":"category","embeddable":true,"href":"https:\/\/aulad.com\/blog\/wp-json\/wp\/v2\/categories?post=8112"},{"taxonomy":"post_tag","embeddable":true,"href":"https:\/\/aulad.com\/blog\/wp-json\/wp\/v2\/tags?post=8112"}],"curies":[{"name":"wp","href":"https:\/\/api.w.org\/{rel}","templated":true}]}}