{"id":8108,"date":"2015-11-04T11:57:55","date_gmt":"2015-11-04T10:57:55","guid":{"rendered":"http:\/\/aulad.com\/blog\/?p=8108"},"modified":"2015-11-04T11:57:55","modified_gmt":"2015-11-04T10:57:55","slug":"exposicion-de-pinturas-de-ana-termes-lis","status":"publish","type":"post","link":"https:\/\/aulad.com\/blog\/2015\/11\/04\/exposicion-de-pinturas-de-ana-termes-lis\/","title":{"rendered":"Exposici\u00f3n de pinturas de Ana Termes Lis"},"content":{"rendered":"<p dir=\"ltr\">A artista viguesa <strong>Ana Termes Lis<\/strong> \u00e9 Licenciada en Belas Artes pola Universidade de Sevilla. As s\u00faas pinturas viaxan a lugares como Sevilla, C\u00e1diz, Santiago de Compostela, Ourense, C\u00f3rdoba, Portugal ou Dubl\u00edn.<\/p>\n<p dir=\"ltr\">Compaxina a s\u00faa actividade art\u00edstica coa docencia. A pintora galega presenta as s\u00faas obras o <strong>venres 6 de novembro<\/strong> \u00e1s 20.30h na Escola de Dese\u00f1o Aula D (r\u00faa Ourense, 4 &#8211; VIGO) onde permanecer\u00e1n ata o d\u00eda 4 de decembro, o horario da sala \u00e9 polas ma\u00f1\u00e1s de 10:00h at\u00e9 as 14:00h e polas tardes de 16:30 at\u00e9 as 21:00H.<\/p>\n<p dir=\"ltr\"><img loading=\"lazy\" decoding=\"async\" class=\"lazy aligncenter size-large wp-image-8109\" src=\"https:\/\/aulad.com\/blog\/wp-content\/plugins\/jquery-image-lazy-loading\/images\/grey.gif\" data-original=\"https:\/\/aulad.com\/blog\/wp-content\/uploads\/2015\/11\/flyer-ana-termes-baixa-1024x483.jpg\" alt=\"exposici\u00f3n de pintura\" width=\"695\" height=\"328\" \/><noscript><img loading=\"lazy\" decoding=\"async\" class=\"aligncenter size-large wp-image-8109\" src=\"https:\/\/aulad.com\/blog\/wp-content\/uploads\/2015\/11\/flyer-ana-termes-baixa-1024x483.jpg\" alt=\"exposici\u00f3n de pintura\" width=\"695\" height=\"328\" srcset=\"https:\/\/aulad.com\/blog\/wp-content\/uploads\/2015\/11\/flyer-ana-termes-baixa-1024x483.jpg 1024w, https:\/\/aulad.com\/blog\/wp-content\/uploads\/2015\/11\/flyer-ana-termes-baixa-300x141.jpg 300w, https:\/\/aulad.com\/blog\/wp-content\/uploads\/2015\/11\/flyer-ana-termes-baixa.jpg 1400w\" sizes=\"(max-width: 695px) 100vw, 695px\" \/><\/noscript><\/p>\n<p dir=\"ltr\">A exposici\u00f3n conta cunha serie de pinturas e debuxos realizados en diferentes formatos e t\u00e9cnicas (\u00f3leo, acr\u00edlico, acuarela, lapis, &#8230;) todas elas rodeadas por un inquedante e misterioso \u00abd\u00e9j\u00e0 vu\u00bb<span style=\"font-family: Arial;\">.<\/span><\/p>\n","protected":false},"excerpt":{"rendered":"<p>A artista viguesa Ana Termes Lis \u00e9 Licenciada en Belas Artes pola Universidade de Sevilla. As s\u00faas pinturas viaxan a lugares como Sevilla, C\u00e1diz, Santiago de Compostela, Ourense, C\u00f3rdoba, Portugal ou Dubl\u00edn. Compaxina a s\u00faa actividade art\u00edstica coa docencia. A pintora galega presenta as s\u00faas obras o venres 6 de novembro \u00e1s 20.30h na Escola [&hellip;]<\/p>\n","protected":false},"author":1,"featured_media":0,"comment_status":"open","ping_status":"open","sticky":false,"template":"","format":"standard","meta":{"footnotes":""},"categories":[21,1],"tags":[],"_links":{"self":[{"href":"https:\/\/aulad.com\/blog\/wp-json\/wp\/v2\/posts\/8108"}],"collection":[{"href":"https:\/\/aulad.com\/blog\/wp-json\/wp\/v2\/posts"}],"about":[{"href":"https:\/\/aulad.com\/blog\/wp-json\/wp\/v2\/types\/post"}],"author":[{"embeddable":true,"href":"https:\/\/aulad.com\/blog\/wp-json\/wp\/v2\/users\/1"}],"replies":[{"embeddable":true,"href":"https:\/\/aulad.com\/blog\/wp-json\/wp\/v2\/comments?post=8108"}],"version-history":[{"count":1,"href":"https:\/\/aulad.com\/blog\/wp-json\/wp\/v2\/posts\/8108\/revisions"}],"predecessor-version":[{"id":8110,"href":"https:\/\/aulad.com\/blog\/wp-json\/wp\/v2\/posts\/8108\/revisions\/8110"}],"wp:attachment":[{"href":"https:\/\/aulad.com\/blog\/wp-json\/wp\/v2\/media?parent=8108"}],"wp:term":[{"taxonomy":"category","embeddable":true,"href":"https:\/\/aulad.com\/blog\/wp-json\/wp\/v2\/categories?post=8108"},{"taxonomy":"post_tag","embeddable":true,"href":"https:\/\/aulad.com\/blog\/wp-json\/wp\/v2\/tags?post=8108"}],"curies":[{"name":"wp","href":"https:\/\/api.w.org\/{rel}","templated":true}]}}