{"id":7971,"date":"2015-05-19T16:30:22","date_gmt":"2015-05-19T14:30:22","guid":{"rendered":"http:\/\/aulad.com\/blog\/?p=7971"},"modified":"2015-05-20T14:45:51","modified_gmt":"2015-05-20T12:45:51","slug":"taller-de-creacion-de-portfolio-profesional","status":"publish","type":"post","link":"https:\/\/aulad.com\/blog\/2015\/05\/19\/taller-de-creacion-de-portfolio-profesional\/","title":{"rendered":"Taller de creaci\u00f3n de portfolio profesional"},"content":{"rendered":"<h5><img loading=\"lazy\" decoding=\"async\" class=\"lazy aligncenter size-full wp-image-7977\" src=\"https:\/\/aulad.com\/blog\/wp-content\/plugins\/jquery-image-lazy-loading\/images\/grey.gif\" data-original=\"https:\/\/aulad.com\/blog\/wp-content\/uploads\/2015\/05\/taller-porfolio1.jpg\" alt=\"taller-porfolio\" width=\"680\" height=\"682\" \/><noscript><img loading=\"lazy\" decoding=\"async\" class=\"aligncenter size-full wp-image-7977\" src=\"https:\/\/aulad.com\/blog\/wp-content\/uploads\/2015\/05\/taller-porfolio1.jpg\" alt=\"taller-porfolio\" width=\"680\" height=\"682\" srcset=\"https:\/\/aulad.com\/blog\/wp-content\/uploads\/2015\/05\/taller-porfolio1.jpg 680w, https:\/\/aulad.com\/blog\/wp-content\/uploads\/2015\/05\/taller-porfolio1-150x150.jpg 150w, https:\/\/aulad.com\/blog\/wp-content\/uploads\/2015\/05\/taller-porfolio1-300x300.jpg 300w\" sizes=\"(max-width: 680px) 100vw, 680px\" \/><\/noscript><\/h5>\n<p>&nbsp;<\/p>\n<h5><span style=\"text-decoration: underline;\"><strong>Descripci\u00f3n<\/strong><\/span><\/h5>\n<p>M\u00e1s all\u00e1 del valor que tiene la obra de un autor, es importante la forma en que\u00a0\u00e9sta se presenta. Hoy en d\u00eda es imprescindible para cualquier creativo o artista\u00a0tener un portfolio donde mostrar sus trabajos. En este taller revisaremos los\u00a0elementos esenciales de la creaci\u00f3n de un portafolio; p\u00fablico al que va dirigido,\u00a0formato de presentaci\u00f3n, selecci\u00f3n de im\u00e1genes, informaci\u00f3n relevante,\u00a0organizaci\u00f3n y formatos de presentaci\u00f3n.<\/p>\n<p><em>Mostrar tu potencial no significa poner TODO lo que has hecho. Muestra solo lo\u00a0que sea digno de presumir.<\/em><\/p>\n<p>Intentaremos descubrir las claves para conseguir que un trabajo se muestre de\u00a0la mejor manera posible y buscaremos los puntos fuertes de cada uno para\u00a0armar un buen portafolio, bien con soportes f\u00edsicos que act\u00faen como reclamo o\u00a0utilizando las herramientas gratuitas y de f\u00e1cil manejo que ofrece la web 2.0 y\u00a0que mejor se adapten a cada proyecto (WordPress, Tumblr, Behance, Cargo\u00a0Collective, Carbonmade, etc).<\/p>\n<p><!--more--><\/p>\n<h5><span style=\"text-decoration: underline;\"><strong>Objetivo:<\/strong><\/span><\/h5>\n<p><strong><em>Nada funciona si no tienes nada que mostrar.<\/em>\u00a0<\/strong><\/p>\n<p>Crear la mejor carta de presentaci\u00f3n posible del trabajo de un profesional\u00a0creativo. La funci\u00f3n principal del portfolio es mostrar de la mejor manera\u00a0posible una selecci\u00f3n de tu trabajo para enfocarlo al mercado actual.<\/p>\n<p>&nbsp;<\/p>\n<h5><span style=\"text-decoration: underline;\"><strong>Dirigido a:<\/strong><\/span><\/h5>\n<p>&#8211; Artistas<br \/>\n&#8211; Creativos Publicitarios y Dise\u00f1adores Gr\u00e1ficos<br \/>\n&#8211; Dise\u00f1adores de Moda<br \/>\n&#8211; Artesanos<br \/>\n&#8211; Interioristas<br \/>\n&#8211; y dem\u00e1s agentes vinculados al contexto art\u00edstico y creativo en general.<\/p>\n<p>&nbsp;<\/p>\n<h5><span style=\"text-decoration: underline;\"><strong>Duraci\u00f3n y fechas:<\/strong><\/span><\/h5>\n<p><strong>2 sesiones de 4 horas cada una. Total 8 horas.<\/strong><\/p>\n<p>&#8211; Fechas: viernes 12 y s\u00e1bado 13 de junio<\/p>\n<p>&#8211; Viernes de 16:30 a 20:30 h.<br \/>\n&#8211; S\u00e1bado de 09:30 a 13:30 h.<\/p>\n<h5><span style=\"text-decoration: underline;\"><strong>Metodolog\u00eda y contenidos:<\/strong><\/span><\/h5>\n<p>El taller se estructura en dos partes:<\/p>\n<p><strong>a. Conceptos Generales<\/strong><\/p>\n<p>&#8211; Claves de un portafolio: \u00bfa qui\u00e9n va dirigido? \u00bfqu\u00e9 quiero mostrar?<br \/>\n&#8211; Formatos de presentaci\u00f3n de portafolios: f\u00edsicos y digitales<br \/>\n&#8211; Muestra de ejemplos de otros profesionales.<\/p>\n<p><strong>b. Herramientas pr\u00e1cticas para crear un portafolio<\/strong><\/p>\n<p>&#8211; Definir un perfil y ser coherente: \u00bfc\u00f3mo es mi trabajo? \u00bfqu\u00e9 impresi\u00f3n quiero causar?<br \/>\n&#8211; Selecci\u00f3n del contenido: calidad antes que cantidad. Ser autocr\u00edtico.<br \/>\n&#8211; Estructurar los contenidos (clasificaci\u00f3n): \u00bfen qu\u00e9 \u00e1mbitos se divide tu trabajo?<\/p>\n<p>&#8211; Edici\u00f3n de contenido (texto, im\u00e1genes, otros formatos)<br \/>\n&#8211; Maquetaci\u00f3n y dise\u00f1o<br \/>\n&#8211; An\u00e1lisis de casos pr\u00e1cticos (se trabajar\u00e1 con los ejemplos de los asistentes_2\u00ba fin de semana pr\u00e1ctico)<\/p>\n<p>&nbsp;<\/p>\n<h5><span style=\"text-decoration: underline;\"><strong>Medios necesarios:<\/strong><\/span><\/h5>\n<p>&#8211; Los asistentes deber\u00e1n traer port\u00e1tiles<br \/>\n&#8211; Paquete Adobe completo ya instalado en sus port\u00e1tiles<br \/>\n&#8211; Se solicita al alumno que acuda con im\u00e1genes en formato digital y\/o impreso que muestren la evoluci\u00f3n de su trabajo, preferentemente que incluya series completas de cada proyecto, esto le facilitar\u00e1 la construcci\u00f3n de su portafolio.<\/p>\n<p>&nbsp;<\/p>\n<h5><span style=\"text-decoration: underline;\"><strong>Docente:<\/strong><\/span><\/h5>\n<p>Tamara Roca (Vigo, 1980). Trabaja habitualmente como Directora de Arte y dise\u00f1adora junto al equipo de <a href=\"http:\/\/vervecg.com\/\" target=\"_blank\">Verve Creative Group<\/a>, adem\u00e1s de desarrollar otros trabajos de manera independiente.\u2028\u2028Hasta el 2010 ha sido responsable de Dise\u00f1o Gr\u00e1fico de los Departamentos de Exposiciones y \u2028Dpto. de Publicaciones y Documentaci\u00f3n de <a href=\"http:\/\/marcovigo.com\/\" target=\"_blank\">MARCO, Museo de Arte Contempor\u00e1nea de Vigo<\/a>. \u2028Anteriormente trabaj\u00f3 en distintas Agencias de publicidad en Vigo y Barcelona, ciudad donde termin\u00f3 \u2028su formaci\u00f3n especializada en dise\u00f1o gr\u00e1fico realizando un Postgrado en Ilustraci\u00f3n y Publicaciones Infantiles\u00a0(EINA\/Universitat Aut\u00f3noma de Barcelona, 2006) y un M\u00e1ster en Sistemas\u00a0Interactivos (MECAD\/ESDI\/Universitat Ram\u00f3n Llul, Barcelona, 2005).<\/p>\n<p>Previamente, se licenci\u00f3 en Bellas Artes por \u2028la Universidad de Vigo (2004), ciudad donde reside de forma permanente desde 2007.<\/p>\n<p>M\u00e1s info: <a href=\"http:\/\/www.mondarina.es\" target=\"_blank\">www.mondarina.es<\/a><\/p>\n<p>&nbsp;<\/p>\n<h5><span style=\"text-decoration: underline;\"><strong>Precio y matr\u00edcula:<\/strong><\/span><\/h5>\n<p>&#8211; Coste: 70 \u20ac<br \/>\n&#8211; Desempleados y exalumnos de Aula D: 52 \u20ac (25% de descuento)<br \/>\n&#8211; Alumnos de Aula D: \u00a035\u20ac (50% de descuento)<\/p>\n<p>La inscripci\u00f3n\u00a0se lleva a cabo por estricto orden de llegada y la plaza en el curso queda autom\u00e1ticamente reservada\u00a0con el pago de la matr\u00edcula.<\/p>\n<p>El plazo m\u00e1ximo para formalizar el pago es el\u00a0mi\u00e9rcoles 10 de junio, en mano en la propia escuela (r\/ Ourense, 4 \u2013 baixo, Vigo) o mediante transferencia bancaria (cuenta n\u00ba ES79 2080 5085 73 3040026857).<\/p>\n<p><strong>Plazas limitadas<\/strong> (10 m\u00e1ximo).<\/p>\n<p>M\u00e1s informaci\u00f3n en :<a href=\"mailto:cursos@aulad.com\"> cursos@aulad.com<\/a> o llamando al 986 214 076<\/p>\n<div id='gallery-1' class='gallery galleryid-7971 gallery-columns-1 gallery-size-thumbnail'><figure class='gallery-item'>\n\t\t\t<div class='gallery-icon portrait'>\n\t\t\t\t<a href='https:\/\/aulad.com\/blog\/wp-content\/uploads\/2015\/05\/AF_cartel_AulaD_12-13.jpg' rel=\"lightbox[7971]\"><img loading=\"lazy\" decoding=\"async\" width=\"150\" height=\"150\" src=\"https:\/\/aulad.com\/blog\/wp-content\/plugins\/jquery-image-lazy-loading\/images\/grey.gif\" data-original=\"https:\/\/aulad.com\/blog\/wp-content\/uploads\/2015\/05\/AF_cartel_AulaD_12-13-150x150.jpg\" class=\"lazy attachment-thumbnail size-thumbnail\" alt=\"\" \/><noscript><img loading=\"lazy\" decoding=\"async\" width=\"150\" height=\"150\" src=\"https:\/\/aulad.com\/blog\/wp-content\/uploads\/2015\/05\/AF_cartel_AulaD_12-13-150x150.jpg\" class=\"attachment-thumbnail size-thumbnail\" alt=\"\" \/><\/noscript><\/a>\n\t\t\t<\/div><\/figure>\n\t\t<\/div>\n\n","protected":false},"excerpt":{"rendered":"<p>&nbsp; Descripci\u00f3n M\u00e1s all\u00e1 del valor que tiene la obra de un autor, es importante la forma en que\u00a0\u00e9sta se presenta. Hoy en d\u00eda es imprescindible para cualquier creativo o artista\u00a0tener un portfolio donde mostrar sus trabajos. En este taller revisaremos los\u00a0elementos esenciales de la creaci\u00f3n de un portafolio; p\u00fablico al que va dirigido,\u00a0formato de [&hellip;]<\/p>\n","protected":false},"author":1,"featured_media":0,"comment_status":"open","ping_status":"open","sticky":false,"template":"","format":"standard","meta":{"footnotes":""},"categories":[89],"tags":[88],"_links":{"self":[{"href":"https:\/\/aulad.com\/blog\/wp-json\/wp\/v2\/posts\/7971"}],"collection":[{"href":"https:\/\/aulad.com\/blog\/wp-json\/wp\/v2\/posts"}],"about":[{"href":"https:\/\/aulad.com\/blog\/wp-json\/wp\/v2\/types\/post"}],"author":[{"embeddable":true,"href":"https:\/\/aulad.com\/blog\/wp-json\/wp\/v2\/users\/1"}],"replies":[{"embeddable":true,"href":"https:\/\/aulad.com\/blog\/wp-json\/wp\/v2\/comments?post=7971"}],"version-history":[{"count":17,"href":"https:\/\/aulad.com\/blog\/wp-json\/wp\/v2\/posts\/7971\/revisions"}],"predecessor-version":[{"id":7991,"href":"https:\/\/aulad.com\/blog\/wp-json\/wp\/v2\/posts\/7971\/revisions\/7991"}],"wp:attachment":[{"href":"https:\/\/aulad.com\/blog\/wp-json\/wp\/v2\/media?parent=7971"}],"wp:term":[{"taxonomy":"category","embeddable":true,"href":"https:\/\/aulad.com\/blog\/wp-json\/wp\/v2\/categories?post=7971"},{"taxonomy":"post_tag","embeddable":true,"href":"https:\/\/aulad.com\/blog\/wp-json\/wp\/v2\/tags?post=7971"}],"curies":[{"name":"wp","href":"https:\/\/api.w.org\/{rel}","templated":true}]}}