{"id":7954,"date":"2015-05-04T10:49:11","date_gmt":"2015-05-04T08:49:11","guid":{"rendered":"http:\/\/aulad.com\/blog\/?p=7954"},"modified":"2015-05-04T10:49:11","modified_gmt":"2015-05-04T08:49:11","slug":"charla-de-jose-luis-varela-alen","status":"publish","type":"post","link":"https:\/\/aulad.com\/blog\/2015\/05\/04\/charla-de-jose-luis-varela-alen\/","title":{"rendered":"Charla de Jos\u00e9 Luis Varela Al\u00e9n"},"content":{"rendered":"<p>O vindeiro martes 5 de maio, \u00e1s 19.30h ter\u00e1 lugar a charla \u00abARQUITECTURAS E INVESTIGACI\u00d3N. RACIONALISMO EN VIGO\u00bb impartida por Jos\u00e9 Luis Varela nas nosas instalaci\u00f3ns de r\u00faa Ourense, 4 en Vigo.<\/p>\n<p><img loading=\"lazy\" decoding=\"async\" class=\"lazy aligncenter wp-image-7956\" src=\"https:\/\/aulad.com\/blog\/wp-content\/plugins\/jquery-image-lazy-loading\/images\/grey.gif\" data-original=\"https:\/\/aulad.com\/blog\/wp-content\/uploads\/2015\/05\/charla-xose-varela1.jpg\" alt=\"arquitectutas e investigaci\u00f3n\" width=\"700\" height=\"277\" \/><noscript><img loading=\"lazy\" decoding=\"async\" class=\"aligncenter wp-image-7956\" src=\"https:\/\/aulad.com\/blog\/wp-content\/uploads\/2015\/05\/charla-xose-varela1.jpg\" alt=\"arquitectutas e investigaci\u00f3n\" width=\"700\" height=\"277\" srcset=\"https:\/\/aulad.com\/blog\/wp-content\/uploads\/2015\/05\/charla-xose-varela1.jpg 848w, https:\/\/aulad.com\/blog\/wp-content\/uploads\/2015\/05\/charla-xose-varela1-300x119.jpg 300w\" sizes=\"(max-width: 700px) 100vw, 700px\" \/><\/noscript><\/p>\n<p>&nbsp;<\/p>\n<p>O arquitecto Jos\u00e9 Luis Varela Al\u00e9n leva anos adicado \u00e1 investigaci\u00f3n da arquitectura moderna, e m\u00e1is concretamente \u00e1\u00a0arquitectura do s\u00e9culo XX en Vigo. En 2004 publicou o\u00a0libro \u00abArquitectura Racionalista en Vigo\u00bb.<\/p>\n<p>&nbsp;<\/p>\n","protected":false},"excerpt":{"rendered":"<p>O vindeiro martes 5 de maio, \u00e1s 19.30h ter\u00e1 lugar a charla \u00abARQUITECTURAS E INVESTIGACI\u00d3N. RACIONALISMO EN VIGO\u00bb impartida por Jos\u00e9 Luis Varela nas nosas instalaci\u00f3ns de r\u00faa Ourense, 4 en Vigo. &nbsp; O arquitecto Jos\u00e9 Luis Varela Al\u00e9n leva anos adicado \u00e1 investigaci\u00f3n da arquitectura moderna, e m\u00e1is concretamente \u00e1\u00a0arquitectura do s\u00e9culo XX en [&hellip;]<\/p>\n","protected":false},"author":1,"featured_media":0,"comment_status":"open","ping_status":"open","sticky":false,"template":"","format":"standard","meta":{"footnotes":""},"categories":[20,18],"tags":[],"_links":{"self":[{"href":"https:\/\/aulad.com\/blog\/wp-json\/wp\/v2\/posts\/7954"}],"collection":[{"href":"https:\/\/aulad.com\/blog\/wp-json\/wp\/v2\/posts"}],"about":[{"href":"https:\/\/aulad.com\/blog\/wp-json\/wp\/v2\/types\/post"}],"author":[{"embeddable":true,"href":"https:\/\/aulad.com\/blog\/wp-json\/wp\/v2\/users\/1"}],"replies":[{"embeddable":true,"href":"https:\/\/aulad.com\/blog\/wp-json\/wp\/v2\/comments?post=7954"}],"version-history":[{"count":2,"href":"https:\/\/aulad.com\/blog\/wp-json\/wp\/v2\/posts\/7954\/revisions"}],"predecessor-version":[{"id":7958,"href":"https:\/\/aulad.com\/blog\/wp-json\/wp\/v2\/posts\/7954\/revisions\/7958"}],"wp:attachment":[{"href":"https:\/\/aulad.com\/blog\/wp-json\/wp\/v2\/media?parent=7954"}],"wp:term":[{"taxonomy":"category","embeddable":true,"href":"https:\/\/aulad.com\/blog\/wp-json\/wp\/v2\/categories?post=7954"},{"taxonomy":"post_tag","embeddable":true,"href":"https:\/\/aulad.com\/blog\/wp-json\/wp\/v2\/tags?post=7954"}],"curies":[{"name":"wp","href":"https:\/\/api.w.org\/{rel}","templated":true}]}}