{"id":7741,"date":"2014-11-28T10:30:11","date_gmt":"2014-11-28T09:30:11","guid":{"rendered":"http:\/\/aulad.com\/blog\/?p=7741"},"modified":"2014-11-27T17:43:48","modified_gmt":"2014-11-27T16:43:48","slug":"xxi-concurso-de-fotografia-xurxo-lobato","status":"publish","type":"post","link":"https:\/\/aulad.com\/blog\/2014\/11\/28\/xxi-concurso-de-fotografia-xurxo-lobato\/","title":{"rendered":"XXI Concurso de Fotograf\u00eda Xurxo Lobato"},"content":{"rendered":"<p><img loading=\"lazy\" decoding=\"async\" class=\"lazy aligncenter size-full wp-image-7742\" title=\"xurxo-lobato-2015\" src=\"https:\/\/aulad.com\/blog\/wp-content\/plugins\/jquery-image-lazy-loading\/images\/grey.gif\" data-original=\"https:\/\/aulad.com\/blog\/wp-content\/uploads\/2014\/11\/10533296_857800927595227_1562992952108540662_o.jpg\" alt=\"\" width=\"679\" height=\"268\" \/><noscript><img loading=\"lazy\" decoding=\"async\" class=\"aligncenter size-full wp-image-7742\" title=\"xurxo-lobato-2015\" src=\"https:\/\/aulad.com\/blog\/wp-content\/uploads\/2014\/11\/10533296_857800927595227_1562992952108540662_o.jpg\" alt=\"\" width=\"679\" height=\"268\" srcset=\"https:\/\/aulad.com\/blog\/wp-content\/uploads\/2014\/11\/10533296_857800927595227_1562992952108540662_o.jpg 679w, https:\/\/aulad.com\/blog\/wp-content\/uploads\/2014\/11\/10533296_857800927595227_1562992952108540662_o-300x118.jpg 300w\" sizes=\"(max-width: 679px) 100vw, 679px\" \/><\/noscript><\/p>\n<p>Vense de publicar a convocatoria do<strong> XXI\u00a0Concurso de Fotograf\u00eda Xurxo Lobato<\/strong>, organizado pola Asociaci\u00f3n de exalumnos do I.E.S. Monelos. \u00a0Nesta convocatoria concederanse tres premios, varios acc\u00e9sit a criterio do xurado e unha bolsa para a produci\u00f3n dun proxecto fotogr\u00e1fico. O xurado estar\u00e1 formado por un representante da asociaci\u00f3n, outro representante do Instituto Monelos e tres profesionais ou estudosos da fotograf\u00eda.<\/p>\n<p>O prazo para presentar os traballos remata o 10 de marzo de 2015 e poderanse presentar t\u00f3dolos alumnos\/as que cursen estudos de educaci\u00f3n secundaria, bacharelato, formaci\u00f3n profesional ou ensinanzas art\u00edsticas en Galicia, cun l\u00edmite de idade de 21 anos.<\/p>\n<p>Podedes ampliar informaci\u00f3n sobre o concurso\u00a0<a href=\"https:\/\/www.facebook.com\/pages\/CONCURSO-DE-FOTOGRAFIA-XURXO-LOBATO\/109741835734477\" target=\"_blank\">na s\u00faa p\u00e1xina de facebook<\/a>.<\/p>\n","protected":false},"excerpt":{"rendered":"<p>Vense de publicar a convocatoria do XXI\u00a0Concurso de Fotograf\u00eda Xurxo Lobato, organizado pola Asociaci\u00f3n de exalumnos do I.E.S. Monelos. \u00a0Nesta convocatoria concederanse tres premios, varios acc\u00e9sit a criterio do xurado e unha bolsa para a produci\u00f3n dun proxecto fotogr\u00e1fico. O xurado estar\u00e1 formado por un representante da asociaci\u00f3n, outro representante do Instituto Monelos e tres [&hellip;]<\/p>\n","protected":false},"author":1,"featured_media":0,"comment_status":"open","ping_status":"open","sticky":false,"template":"","format":"standard","meta":{"footnotes":""},"categories":[22],"tags":[57],"_links":{"self":[{"href":"https:\/\/aulad.com\/blog\/wp-json\/wp\/v2\/posts\/7741"}],"collection":[{"href":"https:\/\/aulad.com\/blog\/wp-json\/wp\/v2\/posts"}],"about":[{"href":"https:\/\/aulad.com\/blog\/wp-json\/wp\/v2\/types\/post"}],"author":[{"embeddable":true,"href":"https:\/\/aulad.com\/blog\/wp-json\/wp\/v2\/users\/1"}],"replies":[{"embeddable":true,"href":"https:\/\/aulad.com\/blog\/wp-json\/wp\/v2\/comments?post=7741"}],"version-history":[{"count":4,"href":"https:\/\/aulad.com\/blog\/wp-json\/wp\/v2\/posts\/7741\/revisions"}],"predecessor-version":[{"id":7746,"href":"https:\/\/aulad.com\/blog\/wp-json\/wp\/v2\/posts\/7741\/revisions\/7746"}],"wp:attachment":[{"href":"https:\/\/aulad.com\/blog\/wp-json\/wp\/v2\/media?parent=7741"}],"wp:term":[{"taxonomy":"category","embeddable":true,"href":"https:\/\/aulad.com\/blog\/wp-json\/wp\/v2\/categories?post=7741"},{"taxonomy":"post_tag","embeddable":true,"href":"https:\/\/aulad.com\/blog\/wp-json\/wp\/v2\/tags?post=7741"}],"curies":[{"name":"wp","href":"https:\/\/api.w.org\/{rel}","templated":true}]}}