{"id":7418,"date":"2014-06-07T17:00:12","date_gmt":"2014-06-07T15:00:12","guid":{"rendered":"http:\/\/aulad.com\/blog\/?p=7418"},"modified":"2014-06-07T17:09:35","modified_gmt":"2014-06-07T15:09:35","slug":"argonauta-inspiracion-en-fotografia-cursos-aula-d","status":"publish","type":"post","link":"https:\/\/aulad.com\/blog\/2014\/06\/07\/argonauta-inspiracion-en-fotografia-cursos-aula-d\/","title":{"rendered":"ARGONAUTA. Inspiraci\u00f3n en fotograf\u00eda. Cursos Aula D"},"content":{"rendered":"<p dir=\"ltr\"><img loading=\"lazy\" decoding=\"async\" class=\"lazy aligncenter size-full wp-image-7423\" title=\"argonauta-curso-aula-d\" src=\"https:\/\/aulad.com\/blog\/wp-content\/plugins\/jquery-image-lazy-loading\/images\/grey.gif\" data-original=\"https:\/\/aulad.com\/blog\/wp-content\/uploads\/2014\/06\/blog1.jpg\" alt=\"\" width=\"779\" height=\"584\" \/><noscript><img loading=\"lazy\" decoding=\"async\" class=\"aligncenter size-full wp-image-7423\" title=\"argonauta-curso-aula-d\" src=\"https:\/\/aulad.com\/blog\/wp-content\/uploads\/2014\/06\/blog1.jpg\" alt=\"\" width=\"779\" height=\"584\" srcset=\"https:\/\/aulad.com\/blog\/wp-content\/uploads\/2014\/06\/blog1.jpg 779w, https:\/\/aulad.com\/blog\/wp-content\/uploads\/2014\/06\/blog1-300x224.jpg 300w\" sizes=\"(max-width: 779px) 100vw, 779px\" \/><\/noscript><\/p>\n<p dir=\"ltr\"><span style=\"color: #000000; line-height: 1.6em;\">O curso<\/span><em style=\"color: #000000; line-height: 1.6em; text-decoration: underline;\"> Argonauta, inspiraci\u00f3n en fotograf\u00eda<\/em><span style=\"color: #000000; line-height: 1.6em;\"> vai dirixido a profesionais e afeccionados que desexen profundizar no desenvolvemento dunha metodolox\u00eda de traballo propia as\u00ed como na obtenci\u00f3n de diferentes estratexias e recursos cos que afrontar tanto encargos comerciais como proxectos persoais.<!--more--><\/span><\/p>\n<p dir=\"ltr\">A motivaci\u00f3n, o est\u00edmulo ou a inspiraci\u00f3n, ainda que non se constit\u00faen como materiais tanxibles no momento de obter e construir a imaxe fotogr\u00e1fica son, sen x\u00e9nero de d\u00fabidas, os elementos que marcan a diferencia entre un traballo excelente e outro simplemente correcto, m\u00e1is al\u00f3 da t\u00e9cnica.<\/p>\n<p dir=\"ltr\">Deste xeito o proxecto educativo <em>Argonauta<\/em> pretende motivar, estimular e inspirar aos fot\u00f3grafos asistentes para desenvolver un proxecto fotogr\u00e1fico propio a trav\u00e9s de catro elementos:<\/p>\n<p dir=\"ltr\">1 &#8211; Revisi\u00f3n de traballos fotogr\u00e1ficos excepcionais.<\/p>\n<p dir=\"ltr\">2 &#8211; Proposta fotogr\u00e1fica no primeiro momento para desenvolver na primeira xornada do taller.<\/p>\n<p dir=\"ltr\">3 &#8211; Revisi\u00f3n e discusi\u00f3n especializada sobre os traballos feitos nesa primeira xornada.<\/p>\n<p>4 &#8211; Encargo posterior dun proxecto particular.<\/p>\n<p>&nbsp;<\/p>\n<p><strong>Profesor<br \/>\n<\/strong><span style=\"text-decoration: underline; line-height: 1.6em;\">Eutropio Rodr\u00edguez<\/span><\/p>\n<p dir=\"ltr\">Licenciado en Historia da Arte pola Universidade de Santiago de Compostela, Graduado en Fotograf\u00eda Documental polo International Center of Photography de Nova York e T\u00e9cnico Superior de Fotograf\u00eda pola Escola de Artes e Oficios Mestre Mateo.<\/p>\n<p dir=\"ltr\">Premiado en diversos certames como o Premio Ksado da Deputaci\u00f3n de A Coru\u00f1a ou o Premio Caja Espa\u00f1a. Ten publicado o seu traballo nos medios The New York Times, Rolling Stone Magazine-New York, Time Magazine, Life Magazine, as\u00ed como en diversos medios espa\u00f1ois. Combina o seu traballo de fot\u00f3grafo comercial co desenvolvemento dos seus proxectos persoais, o \u00faltimo dos cales est\u00e1 a punto de culminar na publicaci\u00f3n dun libro.<\/p>\n<p dir=\"ltr\">Expuxo nas salas de arte ou fotograf\u00eda de EFTI-Madrid, Portal de San Pedro-Madrid, West Chelsea Building of Arts NYC, Pazo Torrado Cambados, Macuf, Concello de Ourense-Outono Fotogr\u00e1fico, entre outros. A s\u00faa obra est\u00e1 presente en diversas colecci\u00f3ns; Univesidade Rey Juan Carlos, International Center of Photograpy, Concello de Santiago de Compostela, etc.<\/p>\n<p>Profesor nos cursos \u00abB&amp;W, from A to Z\u00bb do International Center of Photography, NYC anos 2000-2001, \u00abLighting in Colour\u00bb, School for Social Research, NYC ano 1998, as\u00ed como na escola da axencia fotogr\u00e1fica BlankPaper da que foi socio fundador.<\/p>\n<p>&nbsp;<\/p>\n<p><strong>Duraci\u00f3n e horarios<\/strong><br \/>\nUn total de 12 horas distribuidas do seguinte xeito:<\/p>\n<ul>\n<li><span style=\"line-height: 1.6em;\">S\u00e1bado 28 de xu\u00f1o: de 10:00 h a 14:00 h e de 16:00 h a 20:00 h<\/span><\/li>\n<li><span style=\"line-height: 1.6em;\">Domingo 29 de xu\u00f1o: de 10:00 h a 14:00 h<\/span><\/li>\n<\/ul>\n<p>&nbsp;<\/p>\n<p><strong>Prezo e reservas<\/strong><br \/>\nXeral : 60 euros<br \/>\nAlumnos de Aula D : 30 euros<br \/>\nExalumnos e desempregados : 45 euros<\/p>\n<p>A abonar antes do xoves 26 de xu\u00f1o, en man na propia escola (r\/ Ourense, 4 &#8211; baixo, Vigo) ou mediante transferencia bancaria (conta n\u00ba ES79 2080 5085 7330 4002 6857).<br \/>\nContacta ou fai a t\u00faa reserva en\u00a0<a href=\"mailto:cursos@aulad.com\">cursos@aulad.com<\/a><\/p>\n<p>Descarga aqu\u00ed o <strong><a href=\"https:\/\/aulad.com\/docs\/curso-argonauta-aula-d.pdf\" target=\"_blank\">cartel do curso en formato .pdf<\/a><\/strong><\/p>\n<div id='gallery-1' class='gallery galleryid-7418 gallery-columns-4 gallery-size-thumbnail'><figure class='gallery-item'>\n\t\t\t<div class='gallery-icon landscape'>\n\t\t\t\t<a href='https:\/\/aulad.com\/blog\/wp-content\/uploads\/2014\/06\/blog1.jpg' rel=\"lightbox[7418]\"><img loading=\"lazy\" decoding=\"async\" width=\"150\" height=\"150\" src=\"https:\/\/aulad.com\/blog\/wp-content\/plugins\/jquery-image-lazy-loading\/images\/grey.gif\" data-original=\"https:\/\/aulad.com\/blog\/wp-content\/uploads\/2014\/06\/blog1-150x150.jpg\" class=\"lazy attachment-thumbnail size-thumbnail\" alt=\"\" \/><noscript><img loading=\"lazy\" decoding=\"async\" width=\"150\" height=\"150\" src=\"https:\/\/aulad.com\/blog\/wp-content\/uploads\/2014\/06\/blog1-150x150.jpg\" class=\"attachment-thumbnail size-thumbnail\" alt=\"\" \/><\/noscript><\/a>\n\t\t\t<\/div><\/figure><figure class='gallery-item'>\n\t\t\t<div class='gallery-icon portrait'>\n\t\t\t\t<a href='https:\/\/aulad.com\/blog\/wp-content\/uploads\/2014\/06\/cartel-argonauta-aula-d.jpg' rel=\"lightbox[7418]\"><img loading=\"lazy\" decoding=\"async\" width=\"150\" height=\"150\" src=\"https:\/\/aulad.com\/blog\/wp-content\/plugins\/jquery-image-lazy-loading\/images\/grey.gif\" data-original=\"https:\/\/aulad.com\/blog\/wp-content\/uploads\/2014\/06\/cartel-argonauta-aula-d-150x150.jpg\" class=\"lazy attachment-thumbnail size-thumbnail\" alt=\"\" \/><noscript><img loading=\"lazy\" decoding=\"async\" width=\"150\" height=\"150\" src=\"https:\/\/aulad.com\/blog\/wp-content\/uploads\/2014\/06\/cartel-argonauta-aula-d-150x150.jpg\" class=\"attachment-thumbnail size-thumbnail\" alt=\"\" \/><\/noscript><\/a>\n\t\t\t<\/div><\/figure>\n\t\t<\/div>\n\n<p>&nbsp;<\/p>\n<p>&nbsp;<\/p>\n<p>&nbsp;<\/p>\n","protected":false},"excerpt":{"rendered":"<p>O curso Argonauta, inspiraci\u00f3n en fotograf\u00eda vai dirixido a profesionais e afeccionados que desexen profundizar no desenvolvemento dunha metodolox\u00eda de traballo propia as\u00ed como na obtenci\u00f3n de diferentes estratexias e recursos cos que afrontar tanto encargos comerciais como proxectos persoais.<\/p>\n","protected":false},"author":1,"featured_media":0,"comment_status":"open","ping_status":"open","sticky":false,"template":"","format":"standard","meta":{"footnotes":""},"categories":[89,22],"tags":[88,62],"_links":{"self":[{"href":"https:\/\/aulad.com\/blog\/wp-json\/wp\/v2\/posts\/7418"}],"collection":[{"href":"https:\/\/aulad.com\/blog\/wp-json\/wp\/v2\/posts"}],"about":[{"href":"https:\/\/aulad.com\/blog\/wp-json\/wp\/v2\/types\/post"}],"author":[{"embeddable":true,"href":"https:\/\/aulad.com\/blog\/wp-json\/wp\/v2\/users\/1"}],"replies":[{"embeddable":true,"href":"https:\/\/aulad.com\/blog\/wp-json\/wp\/v2\/comments?post=7418"}],"version-history":[{"count":30,"href":"https:\/\/aulad.com\/blog\/wp-json\/wp\/v2\/posts\/7418\/revisions"}],"predecessor-version":[{"id":7451,"href":"https:\/\/aulad.com\/blog\/wp-json\/wp\/v2\/posts\/7418\/revisions\/7451"}],"wp:attachment":[{"href":"https:\/\/aulad.com\/blog\/wp-json\/wp\/v2\/media?parent=7418"}],"wp:term":[{"taxonomy":"category","embeddable":true,"href":"https:\/\/aulad.com\/blog\/wp-json\/wp\/v2\/categories?post=7418"},{"taxonomy":"post_tag","embeddable":true,"href":"https:\/\/aulad.com\/blog\/wp-json\/wp\/v2\/tags?post=7418"}],"curies":[{"name":"wp","href":"https:\/\/api.w.org\/{rel}","templated":true}]}}