{"id":7391,"date":"2014-05-27T09:30:26","date_gmt":"2014-05-27T07:30:26","guid":{"rendered":"http:\/\/aulad.com\/blog\/?p=7391"},"modified":"2014-05-27T12:48:14","modified_gmt":"2014-05-27T10:48:14","slug":"entrevista-a-enric-satue-e-alberto-corazon","status":"publish","type":"post","link":"https:\/\/aulad.com\/blog\/2014\/05\/27\/entrevista-a-enric-satue-e-alberto-corazon\/","title":{"rendered":"Entrevista a Enric Satu\u00e9 e Alberto Coraz\u00f3n"},"content":{"rendered":"<p><a href=\"https:\/\/aulad.com\/blog\/wp-content\/uploads\/2014\/05\/satuecorazon.jpg\" rel=\"lightbox[7391]\"><img loading=\"lazy\" decoding=\"async\" class=\"lazy aligncenter size-full wp-image-7409\" title=\"\" src=\"https:\/\/aulad.com\/blog\/wp-content\/plugins\/jquery-image-lazy-loading\/images\/grey.gif\" data-original=\"https:\/\/aulad.com\/blog\/wp-content\/uploads\/2014\/05\/satuecorazon.jpg\" alt=\"Satue &amp; Coraz\u00f3n\" width=\"700\" height=\"432\" \/><noscript><img loading=\"lazy\" decoding=\"async\" class=\"aligncenter size-full wp-image-7409\" title=\"\" src=\"https:\/\/aulad.com\/blog\/wp-content\/uploads\/2014\/05\/satuecorazon.jpg\" alt=\"Satue &amp; Coraz\u00f3n\" width=\"700\" height=\"432\" srcset=\"https:\/\/aulad.com\/blog\/wp-content\/uploads\/2014\/05\/satuecorazon.jpg 700w, https:\/\/aulad.com\/blog\/wp-content\/uploads\/2014\/05\/satuecorazon-300x185.jpg 300w\" sizes=\"(max-width: 700px) 100vw, 700px\" \/><\/noscript><\/a><\/p>\n<p>Despois de asistir o pasado 19 de maio \u00e1s <a href=\"http:\/\/www.asociaciondag.org\/enric-satue-e-alberto-corazon-conversaran-sobre-o-oficio-de-desenyador-en-compostela-nun-dialogo-aberto-a-participacion-290.html\" target=\"_blank\">Xornadas organizadas pola DAG<\/a>\u00a0onde tivemos o pracer de escoitar as reflexi\u00f3ns das d\u00faas grandes iconas do dese\u00f1o en Espa\u00f1a,\u00a0<a href=\"http:\/\/es.wikipedia.org\/wiki\/Enric_Satu%C3%A9\" target=\"_blank\">Enric Satu\u00e9<\/a> e <a href=\"http:\/\/es.wikipedia.org\/wiki\/Alberto_Corazon\" target=\"_blank\">Alberto Coraz\u00f3n<\/a>, queremos compartir a pequena entrevista que lles fixemos:<\/p>\n<hr \/>\n<p>&nbsp;<\/p>\n<h3>\u00bfCree que el dise\u00f1o actual est\u00e1 excesivamente globalizado?<\/h3>\n<p>&nbsp;<\/p>\n<p><span style=\"color: #993366;\"><strong>SATU\u00c9<\/strong><\/span> Si el mundo se ha globalizado pues el dise\u00f1o tampoco tiene otra alternativa. Entiendo globalizado por un aspecto de igualdad, de unidad, se parece mucho al dise\u00f1o de ahora: no hay estilo. Tambi\u00e9n otros factores contribuyen a ese eclecticismo global \u00bfno? Pero la verdad es que no se distingue por lo que se distingu\u00eda antes: la personalidad caracter\u00edstica de cada autor. Que esto sea bueno o sea malo ahora no lo discuto, pero es as\u00ed.<br \/>\nOtra cosa que a m\u00ed me parece interesante (y no lo digo con \u00e1nimo de ofender a nadie ni a nada) es que considero el dise\u00f1o actual, en general, afeminado, porque en las aulas hay m\u00e1s chicas que chicos; en todas las aulas no s\u00f3lo en las de dise\u00f1o. Aqu\u00ed he contado 70 chicas por lo menos, de manera que, que sean mayor\u00eda, necesariamente tiene que verse reflejado. Esto por lo tanto ha influido en el estilo de dise\u00f1o de tal de manera que efectivamente tiene algo de mujer, en este aspecto m\u00e1s de delicadeza, sutilidad, lo que entendemos por elegancia\u2026<\/p>\n<p><span style=\"color: #008080;\"><strong>CORAZ\u00d3N\u00a0<\/strong><\/span>No, porque entre lo global y lo local es donde se est\u00e1 produciendo ahora el reajuste de todo; yo creo que el dise\u00f1o tiene unas \u00e1reas que participan de la globalidad y unas \u00e1reas que son muy espec\u00edficas de lo local, y las dos cosas son igualmente importantes. Y desde luego lo local, cada vez m\u00e1s, es una fuente de inspiraci\u00f3n importante\u2026<\/p>\n<p>&nbsp;<\/p>\n<p>&nbsp;<\/p>\n<h3>\u00bfCree que la creatividad del dise\u00f1ador se ve, en estos tiempos de crisis, demasiado limitada por los tiempos de entrega ajustados y los encargos <em>low cost<\/em>?<\/h3>\n<p>&nbsp;<\/p>\n<p><span style=\"color: #993366;\"><strong>SATU\u00c9<\/strong><\/span> Bueno claro, y por otra cuesti\u00f3n: el dise\u00f1o directamente se ha mercantilizado, por lo tanto es una mera mercanc\u00eda; siempre hay excepciones en todo, pero pocas. El dise\u00f1o hoy en d\u00eda es una pura mercanc\u00eda y por lo tanto las mercanc\u00edas se tratan de una manera muy pragm\u00e1tica, con la eficacia que uno es capaz de proporcionar pero tambi\u00e9n con la relaci\u00f3n, digamos mercantil, calidad-precio. No puede haber mucha creatividad, en un encargo en el que no pagan lo suficiente, es decir, todas las cuestiones que influyen en el comportamiento de la sociedad afectan al dise\u00f1o.<\/p>\n<p><span style=\"color: #008080;\"><strong>CORAZ\u00d3N\u00a0<\/strong><\/span>No, nunca. La creatividad est\u00e1 siempre en el aprovechamiento: todo encargo tiene oportunidades y limitaciones. La creatividad consiste precisamente en eso, en adaptarse, en pelear con las limitaciones y sacar el m\u00e1ximo provecho de las oportunidades, esa es la verdadera creatividad. Yo el peor cliente que puedo tener y lo peor que me pueden decir es \u201chaz lo que te parezca\u201d.<\/p>\n<p>&nbsp;<\/p>\n<p>&nbsp;<\/p>\n<p><span style=\"font-size: 1.5em; line-height: 1.2em;\">\u00bfQu\u00e9 3 consejos le dar\u00eda a los estudiantes de dise\u00f1o?<\/span><\/p>\n<p>&nbsp;<\/p>\n<p><span style=\"color: #993366;\"><strong>SATU\u00c9<\/strong><\/span>\u00a0Bueno estos que ya he dicho por aqu\u00ed es decir sensibilidad, rigor y perseverancia.<br \/>\nLa sensibilidad no se compra ni vende, ni se aprende casi: se tiene o no se tiene; si se tiene se debe cultivar para ampliarla, para profundizarla, para tenerla en mayor medida y en mayor cantidad.<br \/>\nEl rigor tambi\u00e9n; el rigor s\u00ed se puede aprender, pero si lo aprende un indisciplinado o un poco adicto a practicar el rigor tampoco se da. Y la exigencia lo mismo, de manera que son tres consejos que el estudiante debe hacerse suyos y debe perseverar para no perderlos, para que no le abandonen y sobre todo para ampliarlos.<\/p>\n<p><span style=\"color: #008080;\"><strong>CORAZ\u00d3N\u00a0<\/strong><\/span>Pues el primer consejo es que aprendan todo lo que puedan, de todo; que tengan un hambre de conocimiento, de leer, de saber, de informaci\u00f3n\u2026 pero que la formaci\u00f3n del estudiante de dise\u00f1o tiene que ser una formaci\u00f3n generalista, un poco de todo, con una curiosidad insaciable.<br \/>\nLa segunda es que se sientan muy comprometidos con su trabajo, que su trabajo signifique siempre un compromiso al nivel que sea, a la importancia que sea, pero que el compromiso sea un compromiso firme y sostenible.<br \/>\nY luego la tercera ser\u00eda eso, hacer todo esto con felicidad, con alegr\u00eda, que le guste siempre, encontrar el modo\u2026<\/p>\n<hr \/>\n<p><span style=\"color: #808080;\">Entrevista realizada por Nerea Pa\u00f1os.<br \/>\nImaxes: \u00a0<a href=\"http:\/\/www.nandoiglesias.com\/\" target=\"_blank\">Nando Iglesias<\/a>.<\/span><\/p>\n","protected":false},"excerpt":{"rendered":"<p>Despois de asistir o pasado 19 de maio \u00e1s Xornadas organizadas pola DAG\u00a0onde tivemos o pracer de escoitar as reflexi\u00f3ns das d\u00faas grandes iconas do dese\u00f1o en Espa\u00f1a,\u00a0Enric Satu\u00e9 e Alberto Coraz\u00f3n, queremos compartir a pequena entrevista que lles fixemos: &nbsp; \u00bfCree que el dise\u00f1o actual est\u00e1 excesivamente globalizado? &nbsp; SATU\u00c9 Si el mundo se [&hellip;]<\/p>\n","protected":false},"author":1,"featured_media":0,"comment_status":"open","ping_status":"open","sticky":false,"template":"","format":"standard","meta":{"footnotes":""},"categories":[14,1],"tags":[94,33],"_links":{"self":[{"href":"https:\/\/aulad.com\/blog\/wp-json\/wp\/v2\/posts\/7391"}],"collection":[{"href":"https:\/\/aulad.com\/blog\/wp-json\/wp\/v2\/posts"}],"about":[{"href":"https:\/\/aulad.com\/blog\/wp-json\/wp\/v2\/types\/post"}],"author":[{"embeddable":true,"href":"https:\/\/aulad.com\/blog\/wp-json\/wp\/v2\/users\/1"}],"replies":[{"embeddable":true,"href":"https:\/\/aulad.com\/blog\/wp-json\/wp\/v2\/comments?post=7391"}],"version-history":[{"count":24,"href":"https:\/\/aulad.com\/blog\/wp-json\/wp\/v2\/posts\/7391\/revisions"}],"predecessor-version":[{"id":7415,"href":"https:\/\/aulad.com\/blog\/wp-json\/wp\/v2\/posts\/7391\/revisions\/7415"}],"wp:attachment":[{"href":"https:\/\/aulad.com\/blog\/wp-json\/wp\/v2\/media?parent=7391"}],"wp:term":[{"taxonomy":"category","embeddable":true,"href":"https:\/\/aulad.com\/blog\/wp-json\/wp\/v2\/categories?post=7391"},{"taxonomy":"post_tag","embeddable":true,"href":"https:\/\/aulad.com\/blog\/wp-json\/wp\/v2\/tags?post=7391"}],"curies":[{"name":"wp","href":"https:\/\/api.w.org\/{rel}","templated":true}]}}