{"id":737,"date":"2012-01-23T22:50:24","date_gmt":"2012-01-23T21:50:24","guid":{"rendered":"http:\/\/aulad.com\/blog\/?p=737"},"modified":"2012-01-23T22:53:22","modified_gmt":"2012-01-23T21:53:22","slug":"40-dots-40-artistas","status":"publish","type":"post","link":"https:\/\/aulad.com\/blog\/2012\/01\/23\/40-dots-40-artistas\/","title":{"rendered":"40 DOTS. 40 ARTISTAS"},"content":{"rendered":"<p><a href=\"https:\/\/aulad.com\/blog\/2012\/01\/23\/40-dots-40-artistas\/imagen_tratada\/\"><img loading=\"lazy\" decoding=\"async\" class=\"lazy aligncenter size-full wp-image-813\" src=\"https:\/\/aulad.com\/blog\/wp-content\/plugins\/jquery-image-lazy-loading\/images\/grey.gif\" data-original=\"https:\/\/aulad.com\/blog\/wp-content\/uploads\/2012\/01\/imagen_tratada.jpg\" alt=\"\" width=\"425\" height=\"593\" \/><noscript><img loading=\"lazy\" decoding=\"async\" class=\"aligncenter size-full wp-image-813\" src=\"https:\/\/aulad.com\/blog\/wp-content\/uploads\/2012\/01\/imagen_tratada.jpg\" alt=\"\" width=\"425\" height=\"593\" srcset=\"https:\/\/aulad.com\/blog\/wp-content\/uploads\/2012\/01\/imagen_tratada.jpg 425w, https:\/\/aulad.com\/blog\/wp-content\/uploads\/2012\/01\/imagen_tratada-215x300.jpg 215w\" sizes=\"(max-width: 425px) 100vw, 425px\" \/><\/noscript><\/a>Tras sete anos de vida, o magazine de tendencias vigu\u00e9s, <a href=\"http:\/\/www.dotgalicia.com\/\">Dot Galicia<\/a>, apostou por realizar unha exposici\u00f3n que estar\u00e1 composta por <a href=\"http:\/\/www.dotgalicia.com\/Dot-Magazine-actividades-de-40-dots.-40-artistas-1354.php?pagina=1&amp;tag=0&amp;at=0&amp;ab=0&amp;user=&amp;id=1354&amp;fecha=2012-01-20&amp;plb=\">40 obras de 40 artistas<\/a> que foron publicadas na propia revista ao longo da s\u00faa historia e coas que se pretende representar a filosof\u00eda da publicaci\u00f3n galega. Nela, poderemos atopar os traballos de diferentes autores, que abranguen dende o dese\u00f1o gr\u00e1fico, ata a pintura, ilustraci\u00f3n ou fotograf\u00eda as\u00ed como actividades complementarias relacionadas co mundo do audiovisual e da m\u00fasica.<br \/>\nA mostra ter\u00e1 unha duraci\u00f3n de catro d\u00edas, sendo a inauguraci\u00f3n o venres d\u00eda 20 \u00e1s oito da tarde no \u00abHalc\u00f3n milenario\u00bb, na <a href=\"http:\/\/maps.google.es\/maps?q=Vigo,+en+la+Calle+Cervantes+n%C2%BA+18.&amp;um=1&amp;ie=UTF-8&amp;hq=&amp;hnear=0xd2f6268c31f7a53:0xe6bc0e891625d5c,Calle+de+Cervantes,+18,+36201+Vigo&amp;gl=es&amp;ei=rtUdT6P3Co7tsgbaw6WdDA&amp;sa=X&amp;oi=geocode_result&amp;ct=title&amp;resnum=1&amp;ved=0CCcQ8gEwAA\" target=\"_blank\">r\u00faa Cervantes, 18-1\u00ba<\/a>, en Vigo. As obras poder\u00e1n verse os d\u00edas 20, 21, 27 e 28 de xaneiro en horario de 20:00 a 23:30.<\/p>\n","protected":false},"excerpt":{"rendered":"<p>Tras sete anos de vida, o magazine de tendencias vigu\u00e9s, Dot Galicia, apostou por realizar unha exposici\u00f3n que estar\u00e1 composta por 40 obras de 40 artistas que foron publicadas na propia revista ao longo da s\u00faa historia e coas que se pretende representar a filosof\u00eda da publicaci\u00f3n galega. Nela, poderemos atopar os traballos de diferentes [&hellip;]<\/p>\n","protected":false},"author":1,"featured_media":0,"comment_status":"open","ping_status":"open","sticky":false,"template":"","format":"standard","meta":{"footnotes":""},"categories":[21,22,14],"tags":[34],"_links":{"self":[{"href":"https:\/\/aulad.com\/blog\/wp-json\/wp\/v2\/posts\/737"}],"collection":[{"href":"https:\/\/aulad.com\/blog\/wp-json\/wp\/v2\/posts"}],"about":[{"href":"https:\/\/aulad.com\/blog\/wp-json\/wp\/v2\/types\/post"}],"author":[{"embeddable":true,"href":"https:\/\/aulad.com\/blog\/wp-json\/wp\/v2\/users\/1"}],"replies":[{"embeddable":true,"href":"https:\/\/aulad.com\/blog\/wp-json\/wp\/v2\/comments?post=737"}],"version-history":[{"count":35,"href":"https:\/\/aulad.com\/blog\/wp-json\/wp\/v2\/posts\/737\/revisions"}],"predecessor-version":[{"id":869,"href":"https:\/\/aulad.com\/blog\/wp-json\/wp\/v2\/posts\/737\/revisions\/869"}],"wp:attachment":[{"href":"https:\/\/aulad.com\/blog\/wp-json\/wp\/v2\/media?parent=737"}],"wp:term":[{"taxonomy":"category","embeddable":true,"href":"https:\/\/aulad.com\/blog\/wp-json\/wp\/v2\/categories?post=737"},{"taxonomy":"post_tag","embeddable":true,"href":"https:\/\/aulad.com\/blog\/wp-json\/wp\/v2\/tags?post=737"}],"curies":[{"name":"wp","href":"https:\/\/api.w.org\/{rel}","templated":true}]}}