{"id":7086,"date":"2014-02-25T09:43:05","date_gmt":"2014-02-25T08:43:05","guid":{"rendered":"http:\/\/aulad.com\/blog\/?p=7086"},"modified":"2014-02-25T09:43:05","modified_gmt":"2014-02-25T08:43:05","slug":"obradoiro-de-veran-para-nens","status":"publish","type":"post","link":"https:\/\/aulad.com\/blog\/2014\/02\/25\/obradoiro-de-veran-para-nens\/","title":{"rendered":"Obradoiro de ver\u00e1n para nen@s"},"content":{"rendered":"<p>A partires do 23 de xu\u00f1o\u00a0<strong>Aula D. Escola de Dese\u00f1o<\/strong>\u00a0organiza un obradoiro de arte e dese\u00f1o para nen@s de 6 a 12 anos, nas nosas instalacions da r\u00faa Ourense, 4 &#8211; baixo VIGO (\u00f3 car\u00f3n da Casa da Xuventude). Somos unha Escola de Dese\u00f1o e queremos ensinar aos rapaces aquelo que sabemos facer: construir e crear.<\/p>\n<p>Cada d\u00eda faremos unha actividade creativa diferente, comezando cunha introducci\u00f3n te\u00f3rica, un proceso mental de dese\u00f1o e rematando cun traballo manual que os rapaces levar\u00e1n a casa. Alternaremos propostas que te\u00f1en que ver coa arte, a arquitectura, o cinema, a m\u00fasica, a pintura, o teatro, a fotograf\u00eda &#8230; e moitas cousas m\u00e1is. Podes ollar moitas destas actividades feitas o ano pasado neste blog (entradas de xu\u00f1o, xullo e agosto de 2013).<\/p>\n<p><span style=\"line-height: 1.6em;\">\u00a0<\/span><\/p>\n<p><img loading=\"lazy\" decoding=\"async\" class=\"lazy aligncenter size-full wp-image-7089\" title=\"casitas\" src=\"https:\/\/aulad.com\/blog\/wp-content\/plugins\/jquery-image-lazy-loading\/images\/grey.gif\" data-original=\"https:\/\/aulad.com\/blog\/wp-content\/uploads\/2014\/02\/casitas.jpg\" alt=\"\" width=\"503\" height=\"675\" \/><noscript><img loading=\"lazy\" decoding=\"async\" class=\"aligncenter size-full wp-image-7089\" title=\"casitas\" src=\"https:\/\/aulad.com\/blog\/wp-content\/uploads\/2014\/02\/casitas.jpg\" alt=\"\" width=\"503\" height=\"675\" srcset=\"https:\/\/aulad.com\/blog\/wp-content\/uploads\/2014\/02\/casitas.jpg 503w, https:\/\/aulad.com\/blog\/wp-content\/uploads\/2014\/02\/casitas-223x300.jpg 223w\" sizes=\"(max-width: 503px) 100vw, 503px\" \/><\/noscript><\/p>\n<p><span style=\"color: #808000;\"><strong>Profesorado principal<\/strong><\/span><br \/>\n<strong>Diego Fern\u00e1ndez P\u00e9rez<\/strong>, Licenciado en Belas Artes.\u00a0<strong>Xerardo P\u00e9rez Medrano<\/strong>, Arquitecto.<br \/>\n<strong>Pedro Rom\u00e1n Company<\/strong>, Dese\u00f1ador de interiores.\u00a0<strong>Manuel Barreiro Chao<\/strong>, Dese\u00f1ador de Interiores.<br \/>\nTodos eles desenvolven o seu labor profesional como dese\u00f1adores e profesores en Aula D. Escola de Dese\u00f1o. Asemade haber\u00e1 colaboraci\u00f3ns de outros profesionais.<\/p>\n<p><span style=\"color: #808000;\"><strong>Horario<\/strong><\/span><br \/>\nDo 23 de xu\u00f1o ao 1 de agosto, de luns a venres, en horario de 10.00h \u00e1 14.00h<\/p>\n<p><span style=\"color: #808000;\"><strong>Prezo<\/strong><\/span><br \/>\n8 euros por d\u00eda (10% menos por cada irm\u00e1n). Material incluido.<br \/>\nA abonar en man na propia escola (r\/ Ourense, 4 &#8211; baixo VIGO) ou mediante transferencia bancaria (conta n\u00ba ES79 2080 5085 73 3040026857).\u00a0Contacta en\u00a0<a href=\"mailto:cursos@aulad.com\">cursos@aulad.com<\/a><\/p>\n<p>&nbsp;<\/p>\n","protected":false},"excerpt":{"rendered":"<p>A partires do 23 de xu\u00f1o\u00a0Aula D. Escola de Dese\u00f1o\u00a0organiza un obradoiro de arte e dese\u00f1o para nen@s de 6 a 12 anos, nas nosas instalacions da r\u00faa Ourense, 4 &#8211; baixo VIGO (\u00f3 car\u00f3n da Casa da Xuventude). Somos unha Escola de Dese\u00f1o e queremos ensinar aos rapaces aquelo que sabemos facer: construir e [&hellip;]<\/p>\n","protected":false},"author":1,"featured_media":0,"comment_status":"open","ping_status":"open","sticky":false,"template":"","format":"standard","meta":{"footnotes":""},"categories":[21,89],"tags":[],"_links":{"self":[{"href":"https:\/\/aulad.com\/blog\/wp-json\/wp\/v2\/posts\/7086"}],"collection":[{"href":"https:\/\/aulad.com\/blog\/wp-json\/wp\/v2\/posts"}],"about":[{"href":"https:\/\/aulad.com\/blog\/wp-json\/wp\/v2\/types\/post"}],"author":[{"embeddable":true,"href":"https:\/\/aulad.com\/blog\/wp-json\/wp\/v2\/users\/1"}],"replies":[{"embeddable":true,"href":"https:\/\/aulad.com\/blog\/wp-json\/wp\/v2\/comments?post=7086"}],"version-history":[{"count":9,"href":"https:\/\/aulad.com\/blog\/wp-json\/wp\/v2\/posts\/7086\/revisions"}],"predecessor-version":[{"id":7115,"href":"https:\/\/aulad.com\/blog\/wp-json\/wp\/v2\/posts\/7086\/revisions\/7115"}],"wp:attachment":[{"href":"https:\/\/aulad.com\/blog\/wp-json\/wp\/v2\/media?parent=7086"}],"wp:term":[{"taxonomy":"category","embeddable":true,"href":"https:\/\/aulad.com\/blog\/wp-json\/wp\/v2\/categories?post=7086"},{"taxonomy":"post_tag","embeddable":true,"href":"https:\/\/aulad.com\/blog\/wp-json\/wp\/v2\/tags?post=7086"}],"curies":[{"name":"wp","href":"https:\/\/api.w.org\/{rel}","templated":true}]}}