{"id":7077,"date":"2014-02-25T09:44:07","date_gmt":"2014-02-25T08:44:07","guid":{"rendered":"http:\/\/aulad.com\/blog\/?p=7077"},"modified":"2014-02-25T09:44:07","modified_gmt":"2014-02-25T08:44:07","slug":"curso-preparatorio-para-as-probas-de-acceso","status":"publish","type":"post","link":"https:\/\/aulad.com\/blog\/2014\/02\/25\/curso-preparatorio-para-as-probas-de-acceso\/","title":{"rendered":"Curso preparatorio para as Probas de Acceso"},"content":{"rendered":"<p>Para acceder directamente aos Ciclos Formativos das familias de <strong>Dese\u00f1o de Interiores<\/strong> e <strong>Dese\u00f1o Gr\u00e1fico<\/strong> que impartimos nesta escola \u00e9 preciso estar en posesi\u00f3n do t\u00edtulo de bacharelato art\u00edstico. O resto de aspirantes poder\u00e1 acceder sempre que supere unha ou d\u00faas probas realizadas pola Conseller\u00eda de Educaci\u00f3n e Ordenaci\u00f3n Universitaria entre os meses de xu\u00f1o e xullo na Escola de Artes e Superior de Dese\u00f1o Mestre Mateo de Santiago de Compostela.<\/p>\n<p><img loading=\"lazy\" decoding=\"async\" class=\"lazy aligncenter size-full wp-image-7079\" title=\"probas\" src=\"https:\/\/aulad.com\/blog\/wp-content\/plugins\/jquery-image-lazy-loading\/images\/grey.gif\" data-original=\"https:\/\/aulad.com\/blog\/wp-content\/uploads\/2014\/02\/probas1.jpg\" alt=\"\" width=\"528\" height=\"351\" \/><noscript><img loading=\"lazy\" decoding=\"async\" class=\"aligncenter size-full wp-image-7079\" title=\"probas\" src=\"https:\/\/aulad.com\/blog\/wp-content\/uploads\/2014\/02\/probas1.jpg\" alt=\"\" width=\"528\" height=\"351\" srcset=\"https:\/\/aulad.com\/blog\/wp-content\/uploads\/2014\/02\/probas1.jpg 528w, https:\/\/aulad.com\/blog\/wp-content\/uploads\/2014\/02\/probas1-300x199.jpg 300w\" sizes=\"(max-width: 528px) 100vw, 528px\" \/><\/noscript><\/p>\n<p><span style=\"line-height: 1.6em;\">Do 9 ao 20 de xu\u00f1o \u00a0impartiremos o curso preparatorio da proba espec\u00edfica para acceder aos <strong>Ciclos Formativos de Grao Superior de Gr\u00e1fica Publicitaria e de Proxectos e Direcci\u00f3n de Obras de Decoraci\u00f3n<\/strong>. <\/span><\/p>\n<p><span style=\"line-height: 1.6em;\">O curso estar\u00e1 dividido en materias te\u00f3ricas e pr\u00e1cticas especialmente seleccionadas para que o alumno poda superar as diferentes partes da proba : HISTORIA DA ARTE &#8211; EXPRESI\u00d3N GR\u00c1FICA &#8211; PROXECTOS \u00a0(nos \u00faltimos dez anos temos un porcentaxe de aprobados na proba espec\u00edfica que supera o 98%).<\/span><\/p>\n<p><span style=\"color: #808000;\"><strong>Profesorado<\/strong><\/span><br \/>\n<strong>Diego Fern\u00e1ndez P\u00e9rez<\/strong>, Licenciado en Belas Artes.\u00a0<strong>Xerardo P\u00e9rez Medrano<\/strong>, Arquitecto.<br \/>\n<strong>Pedro Rom\u00e1n Company<\/strong>, Dese\u00f1ador de interiores.\u00a0<strong>Manuel Barreiro Chao<\/strong>, Dese\u00f1ador de Interiores.<\/p>\n<p><span style=\"line-height: 1.6em;\">Todos eles desenvolven o seu labor profesional como dese\u00f1adores e profesores en Aula D. Escola de Dese\u00f1o.<\/span><\/p>\n<p><strong style=\"color: #808000; line-height: 1.6em;\">Horario<\/strong><\/p>\n<p>Do 9 de xu\u00f1o ao 20 de xu\u00f1o, de luns a venres, en horario de 10.00h \u00e1 14.00h<\/p>\n<p><strong style=\"color: #808000; line-height: 1.6em;\">Prezo<\/strong><\/p>\n<p>200 euros dos cales 100 euros se descontar\u00e1n do importe da inscrici\u00f3n aos Ciclos Formativos.<br \/>\nA abonar en man na propia escola (r\/ Ourense, 4 &#8211; baixo VIGO) ou mediante transferencia bancaria (conta n\u00ba ES79 2080 5085 73 3040026857).\u00a0<span style=\"line-height: 1.6em;\">Contacta en\u00a0<\/span><a style=\"line-height: 1.6em;\" href=\"mailto:cursos@aulad.com\">cursos@aulad.com<\/a><\/p>\n<p>&nbsp;<\/p>\n<p>&nbsp;<\/p>\n<p>&nbsp;<\/p>\n","protected":false},"excerpt":{"rendered":"<p>Para acceder directamente aos Ciclos Formativos das familias de Dese\u00f1o de Interiores e Dese\u00f1o Gr\u00e1fico que impartimos nesta escola \u00e9 preciso estar en posesi\u00f3n do t\u00edtulo de bacharelato art\u00edstico. O resto de aspirantes poder\u00e1 acceder sempre que supere unha ou d\u00faas probas realizadas pola Conseller\u00eda de Educaci\u00f3n e Ordenaci\u00f3n Universitaria entre os meses de xu\u00f1o [&hellip;]<\/p>\n","protected":false},"author":1,"featured_media":0,"comment_status":"open","ping_status":"open","sticky":false,"template":"","format":"standard","meta":{"footnotes":""},"categories":[89,14,18],"tags":[],"_links":{"self":[{"href":"https:\/\/aulad.com\/blog\/wp-json\/wp\/v2\/posts\/7077"}],"collection":[{"href":"https:\/\/aulad.com\/blog\/wp-json\/wp\/v2\/posts"}],"about":[{"href":"https:\/\/aulad.com\/blog\/wp-json\/wp\/v2\/types\/post"}],"author":[{"embeddable":true,"href":"https:\/\/aulad.com\/blog\/wp-json\/wp\/v2\/users\/1"}],"replies":[{"embeddable":true,"href":"https:\/\/aulad.com\/blog\/wp-json\/wp\/v2\/comments?post=7077"}],"version-history":[{"count":7,"href":"https:\/\/aulad.com\/blog\/wp-json\/wp\/v2\/posts\/7077\/revisions"}],"predecessor-version":[{"id":7117,"href":"https:\/\/aulad.com\/blog\/wp-json\/wp\/v2\/posts\/7077\/revisions\/7117"}],"wp:attachment":[{"href":"https:\/\/aulad.com\/blog\/wp-json\/wp\/v2\/media?parent=7077"}],"wp:term":[{"taxonomy":"category","embeddable":true,"href":"https:\/\/aulad.com\/blog\/wp-json\/wp\/v2\/categories?post=7077"},{"taxonomy":"post_tag","embeddable":true,"href":"https:\/\/aulad.com\/blog\/wp-json\/wp\/v2\/tags?post=7077"}],"curies":[{"name":"wp","href":"https:\/\/api.w.org\/{rel}","templated":true}]}}