{"id":7060,"date":"2014-02-25T09:44:40","date_gmt":"2014-02-25T08:44:40","guid":{"rendered":"http:\/\/aulad.com\/blog\/?p=7060"},"modified":"2014-05-16T17:44:13","modified_gmt":"2014-05-16T15:44:13","slug":"curso-de-introduccion-a-tipografia","status":"publish","type":"post","link":"https:\/\/aulad.com\/blog\/2014\/02\/25\/curso-de-introduccion-a-tipografia\/","title":{"rendered":"Curso de Introducci\u00f3n \u00e1 Tipograf\u00eda"},"content":{"rendered":"<p>A Tipograf\u00eda \u00e9 unha das disciplinas do dese\u00f1o gr\u00e1fico que ten unha maior importancia, tanto pola necesidade de comunicar axeitadamente unha mensaxe mediante texto como por seres capaz de potenciar e reforzar a expresividade e o car\u00e1cter dun proxecto. Deste xeito, o co\u00f1ecemento e manexo da tipograf\u00eda \u00e9 fundamental no labor profesional do dese\u00f1ador posto que a palabra escrita est\u00e1 presente pr\u00e1cticamente en todos os traballos relacionados co eido publicitario, editorial e, por suposto, do dese\u00f1o gr\u00e1fico.<br \/>\nO obxectivo xeral do curso \u00e9 dotar ao alumnado de co\u00f1ecementos b\u00e1sicos acerca da tipograf\u00eda, tanto no referido \u00e1 s\u00faa evoluci\u00f3n hist\u00f3rica como aos aspectos formais e t\u00e9cnicos derivados do seu uso no \u00e1mbito profesional ou persoal.<\/p>\n<p><a href=\"https:\/\/aulad.com\/blog\/2014\/02\/25\/curso-de-introduccion-a-tipografia\/curso-tipo-baixa-3\/\"><img loading=\"lazy\" decoding=\"async\" title=\"contidos do curso de tipograf\u00eda\" class=\"lazy \" src=\"https:\/\/aulad.com\/blog\/wp-content\/plugins\/jquery-image-lazy-loading\/images\/grey.gif\" data-original=\"https:\/\/aulad.com\/blog\/wp-content\/uploads\/2012\/10\/curso-tipo-baixa1-1024x528.jpg\" alt=\"\" width=\"695\" height=\"358\" \/><noscript><img loading=\"lazy\" decoding=\"async\" title=\"contidos do curso de tipograf\u00eda\" src=\"https:\/\/aulad.com\/blog\/wp-content\/uploads\/2012\/10\/curso-tipo-baixa1-1024x528.jpg\" alt=\"\" width=\"695\" height=\"358\" \/><\/noscript><\/a><br \/>\n<span style=\"color: #808000;\"><strong>Metodolox\u00eda<\/strong><\/span><br \/>\nA din\u00e1mica do curso basearase fundamentalmente no desenvolvemento te\u00f3rico dos temas, con alg\u00fan exercicio pr\u00e1ctico de car\u00e1cter puntual.<br \/>\nNon se precisa que o alumnado traia ning\u00fan material ao curso.<\/p>\n<p><strong><span style=\"color: #808000;\">Perfil do alumnado<\/span><\/strong><br \/>\nO curso est\u00e1 dirixido a persoas que estean interesadas no dese\u00f1o gr\u00e1fico e a tipograf\u00eda que desexen adquirir co\u00f1ecementos b\u00e1sicos sobre a materia.<\/p>\n<p><strong><span style=\"color: #808000;\">Profesor<\/span><\/strong><br \/>\nDiego Fern\u00e1ndez P\u00e9rez. Desenvolve o seu labor profesional como dese\u00f1ador e imparte clases de Tipograf\u00eda e Proxectos no ciclo superior de Gr\u00e1fica Publicitaria en Aula D, Escola de Dese\u00f1o.<\/p>\n<p><span style=\"color: #808000;\"><strong>Horario<\/strong><\/span><br \/>\nVenres 23 de maio, de 19.00 h \u00e1 21.00 h<br \/>\nS\u00e1bado 24 de maio de 10.00 h \u00e1 14.00 h<br \/>\nVenres 30 de maio, de 19.00 h \u00e1 21.00 h<br \/>\nS\u00e1bado 31 de maio de 10.00 h \u00e1 14.00 h<\/p>\n<p><span style=\"color: #808000;\"><strong>Prezo<\/strong><\/span><br \/>\nXeral : 80 euros<br \/>\nParados, menores de 18 anos e alumnos de Aula D : 40 euros<br \/>\nExalumnos de Aula D : 60 euros<br \/>\nA abonar antes do martes 20 de maio, en man na propia escola (r\/ Ourense, 4 &#8211; baixo VIGO) ou mediante transferencia bancaria (conta n\u00ba ES79 2080 5085 73 3040026857).\u00a0Contacta en <a href=\"mailto:cursos@aulad.com\">cursos@aulad.com<\/a><\/p>\n","protected":false},"excerpt":{"rendered":"<p>A Tipograf\u00eda \u00e9 unha das disciplinas do dese\u00f1o gr\u00e1fico que ten unha maior importancia, tanto pola necesidade de comunicar axeitadamente unha mensaxe mediante texto como por seres capaz de potenciar e reforzar a expresividade e o car\u00e1cter dun proxecto. Deste xeito, o co\u00f1ecemento e manexo da tipograf\u00eda \u00e9 fundamental no labor profesional do dese\u00f1ador posto [&hellip;]<\/p>\n","protected":false},"author":1,"featured_media":0,"comment_status":"open","ping_status":"open","sticky":false,"template":"","format":"standard","meta":{"footnotes":""},"categories":[89,14],"tags":[],"_links":{"self":[{"href":"https:\/\/aulad.com\/blog\/wp-json\/wp\/v2\/posts\/7060"}],"collection":[{"href":"https:\/\/aulad.com\/blog\/wp-json\/wp\/v2\/posts"}],"about":[{"href":"https:\/\/aulad.com\/blog\/wp-json\/wp\/v2\/types\/post"}],"author":[{"embeddable":true,"href":"https:\/\/aulad.com\/blog\/wp-json\/wp\/v2\/users\/1"}],"replies":[{"embeddable":true,"href":"https:\/\/aulad.com\/blog\/wp-json\/wp\/v2\/comments?post=7060"}],"version-history":[{"count":16,"href":"https:\/\/aulad.com\/blog\/wp-json\/wp\/v2\/posts\/7060\/revisions"}],"predecessor-version":[{"id":7388,"href":"https:\/\/aulad.com\/blog\/wp-json\/wp\/v2\/posts\/7060\/revisions\/7388"}],"wp:attachment":[{"href":"https:\/\/aulad.com\/blog\/wp-json\/wp\/v2\/media?parent=7060"}],"wp:term":[{"taxonomy":"category","embeddable":true,"href":"https:\/\/aulad.com\/blog\/wp-json\/wp\/v2\/categories?post=7060"},{"taxonomy":"post_tag","embeddable":true,"href":"https:\/\/aulad.com\/blog\/wp-json\/wp\/v2\/tags?post=7060"}],"curies":[{"name":"wp","href":"https:\/\/api.w.org\/{rel}","templated":true}]}}