{"id":7047,"date":"2014-02-25T09:44:27","date_gmt":"2014-02-25T08:44:27","guid":{"rendered":"http:\/\/aulad.com\/blog\/?p=7047"},"modified":"2014-05-25T10:55:34","modified_gmt":"2014-05-25T08:55:34","slug":"curso-de-reforma-interior-de-vivendas","status":"publish","type":"post","link":"https:\/\/aulad.com\/blog\/2014\/02\/25\/curso-de-reforma-interior-de-vivendas\/","title":{"rendered":"Curso de Reforma Interior de Vivendas"},"content":{"rendered":"<p>As transformaci\u00f3ns tecnol\u00f3xicas, est\u00e9ticas e sociais acontecidas nos \u00faltimos anos, precisan da adaptaci\u00f3n das nosas vivendas. Pequenos cambios, que non implican un grande desembolso econ\u00f3mico, poden permitir esta actualizaci\u00f3n.<br \/>\nA vivenda \u00e9 unha das cuesti\u00f3ns m\u00e1is complexas que abordamos dende o dese\u00f1o de interiores, dada a cantidade de actividades diferentes \u00e1s que debe dar resposta para satisfacer as necesidades dos seus usuarios, polo que asumimos que \u201da vivenda \u00e9 unha m\u00e1quina de habitar\u201d. Non obstante, a vivenda custodia os nosos recordos, vivencias, memorias, &#8230; reflexa a nosa persoalidade, e dicimos \u201ccomo na casa de seu non se est\u00e1 en ningures\u201d.<\/p>\n<p><a href=\"https:\/\/aulad.com\/blog\/2012\/10\/10\/curso-de-introduccion-ao-deseno-de-interiores-reforma-interior-de-vivendas\/curso-vivendas-baixa\/\"><img loading=\"lazy\" decoding=\"async\" title=\"curso de introducci\u00f3n ao dese\u00f1o de interiores\" class=\"lazy \" src=\"https:\/\/aulad.com\/blog\/wp-content\/plugins\/jquery-image-lazy-loading\/images\/grey.gif\" data-original=\"https:\/\/aulad.com\/blog\/wp-content\/uploads\/2012\/12\/curso-vivendas-baixa-1024x614.jpg\" alt=\"\" width=\"695\" height=\"416\" \/><noscript><img loading=\"lazy\" decoding=\"async\" title=\"curso de introducci\u00f3n ao dese\u00f1o de interiores\" src=\"https:\/\/aulad.com\/blog\/wp-content\/uploads\/2012\/12\/curso-vivendas-baixa-1024x614.jpg\" alt=\"\" width=\"695\" height=\"416\" \/><\/noscript><\/a><\/p>\n<p><strong><span style=\"color: #808000;\">Metodolox\u00eda<\/span><\/strong><br \/>\nO obxectivo xeral do curso \u00e9 proporcionar ao alumnado os co\u00f1ecementos tanto te\u00f3ricos como pr\u00e1cticos para abordar a reforma dunha vivenda.\u00a0A din\u00e1mica do curso basearase fundamentalmente no desenvolvemento dos temas partindo da an\u00e1lise te\u00f3rica e a realizaci\u00f3n de casos pr\u00e1cticos.<\/p>\n<p><span style=\"color: #808000;\"><strong>Perfil do alumnado<\/strong><\/span><br \/>\nO curso est\u00e1 dirixido a persoas que desexan iniciarse no dese\u00f1o de interiores, ou que pensan reformar a s\u00faa vivenda.<\/p>\n<p><strong><span style=\"color: #808000;\">Profesorado<\/span><\/strong><br \/>\n<strong>Xes\u00fas Carrazoni Fuertes<\/strong>, Arquitecto.\u00a0<strong>Xerardo P\u00e9rez Medrano<\/strong>, Arquitecto.<br \/>\n<strong>Pedro Rom\u00e1n Company<\/strong>, Dese\u00f1ador de interiores.\u00a0<strong>Iria Sobrino Fajilde<\/strong>, Arquitecta.<\/p>\n<p>Todos eles desenvolven o seu labor profesional como dese\u00f1adores e profesores en Aula D. Escola de Dese\u00f1o.<\/p>\n<p><span style=\"color: #808000;\"><strong>Horario<\/strong><\/span><br \/>\nVenres 23 de maio, de 19.00 h \u00e1 21.00 h<br \/>\nS\u00e1bado 24 de maio de 10.00 h \u00e1 14.00 h<br \/>\nVenres 30 de maio, de 19.00 h \u00e1 21.00 h<br \/>\nS\u00e1bado 31 de maio de 10.00 h \u00e1 14.00 h<\/p>\n<p><span style=\"color: #808000;\"><strong>Prezo<\/strong><\/span><br \/>\nXeral : 80 euros<br \/>\nParados, menores de 18 anos e alumnos de Aula D : 40 euros<br \/>\nExalumnos de Aula D : 60 euros<br \/>\nA abonar antes do martes 20 de maio, en man na propia escola (r\/ Ourense, 4 &#8211; baixo VIGO) ou mediante transferencia bancaria (conta n\u00ba ES79 2080 5085 73 3040026857).\u00a0Contacta en <a href=\"mailto:cursos@aulad.com\">cursos@aulad.com<\/a><\/p>\n","protected":false},"excerpt":{"rendered":"<p>As transformaci\u00f3ns tecnol\u00f3xicas, est\u00e9ticas e sociais acontecidas nos \u00faltimos anos, precisan da adaptaci\u00f3n das nosas vivendas. Pequenos cambios, que non implican un grande desembolso econ\u00f3mico, poden permitir esta actualizaci\u00f3n. A vivenda \u00e9 unha das cuesti\u00f3ns m\u00e1is complexas que abordamos dende o dese\u00f1o de interiores, dada a cantidade de actividades diferentes \u00e1s que debe dar resposta [&hellip;]<\/p>\n","protected":false},"author":1,"featured_media":0,"comment_status":"open","ping_status":"open","sticky":false,"template":"","format":"standard","meta":{"footnotes":""},"categories":[89,18],"tags":[],"_links":{"self":[{"href":"https:\/\/aulad.com\/blog\/wp-json\/wp\/v2\/posts\/7047"}],"collection":[{"href":"https:\/\/aulad.com\/blog\/wp-json\/wp\/v2\/posts"}],"about":[{"href":"https:\/\/aulad.com\/blog\/wp-json\/wp\/v2\/types\/post"}],"author":[{"embeddable":true,"href":"https:\/\/aulad.com\/blog\/wp-json\/wp\/v2\/users\/1"}],"replies":[{"embeddable":true,"href":"https:\/\/aulad.com\/blog\/wp-json\/wp\/v2\/comments?post=7047"}],"version-history":[{"count":20,"href":"https:\/\/aulad.com\/blog\/wp-json\/wp\/v2\/posts\/7047\/revisions"}],"predecessor-version":[{"id":7390,"href":"https:\/\/aulad.com\/blog\/wp-json\/wp\/v2\/posts\/7047\/revisions\/7390"}],"wp:attachment":[{"href":"https:\/\/aulad.com\/blog\/wp-json\/wp\/v2\/media?parent=7047"}],"wp:term":[{"taxonomy":"category","embeddable":true,"href":"https:\/\/aulad.com\/blog\/wp-json\/wp\/v2\/categories?post=7047"},{"taxonomy":"post_tag","embeddable":true,"href":"https:\/\/aulad.com\/blog\/wp-json\/wp\/v2\/tags?post=7047"}],"curies":[{"name":"wp","href":"https:\/\/api.w.org\/{rel}","templated":true}]}}