{"id":6558,"date":"2013-10-29T11:50:11","date_gmt":"2013-10-29T10:50:11","guid":{"rendered":"http:\/\/aulad.com\/blog\/?p=6558"},"modified":"2013-11-07T19:08:47","modified_gmt":"2013-11-07T18:08:47","slug":"paper-lake-no-festival-internacional-de-curtametraxes-de-berlin","status":"publish","type":"post","link":"https:\/\/aulad.com\/blog\/2013\/10\/29\/paper-lake-no-festival-internacional-de-curtametraxes-de-berlin\/","title":{"rendered":"Paper Lake no Festival Internacional de Curtametraxes de Berl\u00edn."},"content":{"rendered":"<p><img loading=\"lazy\" decoding=\"async\" class=\"lazy aligncenter size-full wp-image-6563\" title=\"02\" src=\"https:\/\/aulad.com\/blog\/wp-content\/plugins\/jquery-image-lazy-loading\/images\/grey.gif\" data-original=\"https:\/\/aulad.com\/blog\/wp-content\/uploads\/2013\/10\/022.jpg\" alt=\"\" width=\"800\" height=\"459\" \/><noscript><img loading=\"lazy\" decoding=\"async\" class=\"aligncenter size-full wp-image-6563\" title=\"02\" src=\"https:\/\/aulad.com\/blog\/wp-content\/uploads\/2013\/10\/022.jpg\" alt=\"\" width=\"800\" height=\"459\" srcset=\"https:\/\/aulad.com\/blog\/wp-content\/uploads\/2013\/10\/022.jpg 800w, https:\/\/aulad.com\/blog\/wp-content\/uploads\/2013\/10\/022-300x172.jpg 300w\" sizes=\"(max-width: 800px) 100vw, 800px\" \/><\/noscript><br \/>\nRecentemente vimos \u00a0de co\u00f1ecer que a peza de v\u00eddeo\u00a0<strong><a href=\"https:\/\/vimeo.com\/33586838\" target=\"_blank\">Paper Lake<\/a><\/strong>, na que un dos nosos ex-alumnos, <strong><a href=\"http:\/\/simonlara.carbonmade.com\/\" target=\"_blank\">Sim\u00f3n Lara<\/a><\/strong>, participa como Director de Arte, <a href=\"http:\/\/www.interfilm.de\/en\/festival2013\/programm\/detail.html?items%5Bfilm%5D=93195&amp;cHash=8fd860e52d15244b978b8d02e8c19c5a\" target=\"_blank\">foi seleccionada para formar parte da secci\u00f3n oficial do Festival Internacional de Curtametraxes de Berl\u00edn<\/a>, que se celebrar\u00e1 o vindeiro mes de novembro.<!--more--><\/p>\n<p><iframe loading=\"lazy\" src=\"\/\/player.vimeo.com\/video\/33586838?byline=0&amp;color=ff9933\" frameborder=\"0\" width=\"690\" height=\"389\"><\/iframe><br \/>\nA peza xestouse inicialmente como proxecto acad\u00e9mico, xunto con catro integrantes m\u00e1is, para a asignatura de Animaci\u00f3n na Universidade de Karlstad (Suecia), onde Sim\u00f3n estudou como becado no ano 2012. O inter\u00e9s por poder experimentar acerca do movemento da figura humana e a s\u00faa relaci\u00f3n coa m\u00fasica levounos a pensar e traballar sobre a base de <a href=\"http:\/\/es.wikipedia.org\/wiki\/El_lago_de_los_cisnes\" target=\"_blank\">O Lago dos Cisnes<\/a>\u00a0de\u00a0<a title=\"Piotr Ilich Tchaikovsky\" href=\"http:\/\/es.wikipedia.org\/wiki\/Piotr_Ilich_Tchaikovsky\" target=\"_blank\">Tchaikovski<\/a>.<br \/>\nO feito de que o argumento desta obra cl\u00e1sica sexa xa ben co\u00f1ecido polo p\u00fablico permitiu ao grupo abordar a historia dende os aspectos est\u00e9ticos: luces e sombras, o ben contra o mal, o branco e o negro&#8230;\u00a0<span style=\"line-height: 1.6em;\">conformando paralelamente un eixo conceptual que evoluciona a trav\u00e9s do desenvolvemento\u00a0formal da dualidade.<\/span><\/p>\n<p>Sobre a t\u00e9cnica e a planificaci\u00f3n Sim\u00f3n com\u00e9ntanos:<\/p>\n<blockquote><p>fue simple en su ejecuci\u00f3n, pero laborioso en su proceso. Todo comenz\u00f3 grabando una representaci\u00f3n teatral del lago de los cisnes. Tras una fase de edici\u00f3n para ajustar el material de v\u00eddeo, y la historia que quer\u00edamos contar, a la pieza musical. Tras este paso se procedi\u00f3 a imprimir 1900 fotograf\u00edas, que corresponder\u00edas a cada uno de los fotogramas de la animaci\u00f3n (12 fotogramas\/segundo). Posteriormente se dibuj\u00f3 a mano cada una de las siluetas que rodean a la bailarina, teniendo en cuenta la historia que se contaba y su avance en el tiempo. Hecho esto se cort\u00f3 cada una de las siluetas.<\/p>\n<p>Se trabaj\u00f3 con la t\u00e9cnica de <a href=\"http:\/\/es.wikipedia.org\/wiki\/Stop_motion\" target=\"_blank\">Stop Motion<\/a>, con lo que cada una de las im\u00e1genes se situ\u00f3 en un escenario a escala en el que se colocar\u00edan cada una de las fotograf\u00edas, con sus correspondientes movimientos de c\u00e1mara y luces.<\/p><\/blockquote>\n<p>Sen d\u00fabida <em>Paper Lake<\/em> \u00e9 un deses proxectos que, de entrada, se imaxinan como imposibles pero que, pouco a pouco e con moito esforzo e ilusi\u00f3n, vanse facendo absolutamente reais, pasando de ser un mero traballo acad\u00e9mico a converterse nunha verdadeira historia contada dende a emoci\u00f3n e a sensibilidade.<\/p>\n<p>Moitos parab\u00e9ns por este reco\u00f1ecemento a un traballo ben feito.<\/p>\n<div id='gallery-1' class='gallery galleryid-6558 gallery-columns-3 gallery-size-thumbnail'><figure class='gallery-item'>\n\t\t\t<div class='gallery-icon landscape'>\n\t\t\t\t<a href='https:\/\/aulad.com\/blog\/wp-content\/uploads\/2013\/10\/012.jpg' rel=\"lightbox[6558]\"><img loading=\"lazy\" decoding=\"async\" width=\"150\" height=\"150\" src=\"https:\/\/aulad.com\/blog\/wp-content\/plugins\/jquery-image-lazy-loading\/images\/grey.gif\" data-original=\"https:\/\/aulad.com\/blog\/wp-content\/uploads\/2013\/10\/012-150x150.jpg\" class=\"lazy attachment-thumbnail size-thumbnail\" alt=\"\" \/><noscript><img loading=\"lazy\" decoding=\"async\" width=\"150\" height=\"150\" src=\"https:\/\/aulad.com\/blog\/wp-content\/uploads\/2013\/10\/012-150x150.jpg\" class=\"attachment-thumbnail size-thumbnail\" alt=\"\" \/><\/noscript><\/a>\n\t\t\t<\/div><\/figure><figure class='gallery-item'>\n\t\t\t<div class='gallery-icon landscape'>\n\t\t\t\t<a href='https:\/\/aulad.com\/blog\/wp-content\/uploads\/2013\/10\/022.jpg' rel=\"lightbox[6558]\"><img loading=\"lazy\" decoding=\"async\" width=\"150\" height=\"150\" src=\"https:\/\/aulad.com\/blog\/wp-content\/plugins\/jquery-image-lazy-loading\/images\/grey.gif\" data-original=\"https:\/\/aulad.com\/blog\/wp-content\/uploads\/2013\/10\/022-150x150.jpg\" class=\"lazy attachment-thumbnail size-thumbnail\" alt=\"\" \/><noscript><img loading=\"lazy\" decoding=\"async\" width=\"150\" height=\"150\" src=\"https:\/\/aulad.com\/blog\/wp-content\/uploads\/2013\/10\/022-150x150.jpg\" class=\"attachment-thumbnail size-thumbnail\" alt=\"\" \/><\/noscript><\/a>\n\t\t\t<\/div><\/figure><figure class='gallery-item'>\n\t\t\t<div class='gallery-icon landscape'>\n\t\t\t\t<a href='https:\/\/aulad.com\/blog\/wp-content\/uploads\/2013\/10\/032.jpg' rel=\"lightbox[6558]\"><img loading=\"lazy\" decoding=\"async\" width=\"150\" height=\"150\" src=\"https:\/\/aulad.com\/blog\/wp-content\/plugins\/jquery-image-lazy-loading\/images\/grey.gif\" data-original=\"https:\/\/aulad.com\/blog\/wp-content\/uploads\/2013\/10\/032-150x150.jpg\" class=\"lazy attachment-thumbnail size-thumbnail\" alt=\"\" \/><noscript><img loading=\"lazy\" decoding=\"async\" width=\"150\" height=\"150\" src=\"https:\/\/aulad.com\/blog\/wp-content\/uploads\/2013\/10\/032-150x150.jpg\" class=\"attachment-thumbnail size-thumbnail\" alt=\"\" \/><\/noscript><\/a>\n\t\t\t<\/div><\/figure><figure class='gallery-item'>\n\t\t\t<div class='gallery-icon landscape'>\n\t\t\t\t<a href='https:\/\/aulad.com\/blog\/wp-content\/uploads\/2013\/10\/042.jpg' rel=\"lightbox[6558]\"><img loading=\"lazy\" decoding=\"async\" width=\"150\" height=\"150\" src=\"https:\/\/aulad.com\/blog\/wp-content\/plugins\/jquery-image-lazy-loading\/images\/grey.gif\" data-original=\"https:\/\/aulad.com\/blog\/wp-content\/uploads\/2013\/10\/042-150x150.jpg\" class=\"lazy attachment-thumbnail size-thumbnail\" alt=\"\" \/><noscript><img loading=\"lazy\" decoding=\"async\" width=\"150\" height=\"150\" src=\"https:\/\/aulad.com\/blog\/wp-content\/uploads\/2013\/10\/042-150x150.jpg\" class=\"attachment-thumbnail size-thumbnail\" alt=\"\" \/><\/noscript><\/a>\n\t\t\t<\/div><\/figure><figure class='gallery-item'>\n\t\t\t<div class='gallery-icon landscape'>\n\t\t\t\t<a href='https:\/\/aulad.com\/blog\/wp-content\/uploads\/2013\/10\/052.jpg' rel=\"lightbox[6558]\"><img loading=\"lazy\" decoding=\"async\" width=\"150\" height=\"150\" src=\"https:\/\/aulad.com\/blog\/wp-content\/plugins\/jquery-image-lazy-loading\/images\/grey.gif\" data-original=\"https:\/\/aulad.com\/blog\/wp-content\/uploads\/2013\/10\/052-150x150.jpg\" class=\"lazy attachment-thumbnail size-thumbnail\" alt=\"\" \/><noscript><img loading=\"lazy\" decoding=\"async\" width=\"150\" height=\"150\" src=\"https:\/\/aulad.com\/blog\/wp-content\/uploads\/2013\/10\/052-150x150.jpg\" class=\"attachment-thumbnail size-thumbnail\" alt=\"\" \/><\/noscript><\/a>\n\t\t\t<\/div><\/figure>\n\t\t<\/div>\n\n","protected":false},"excerpt":{"rendered":"<p>Recentemente vimos \u00a0de co\u00f1ecer que a peza de v\u00eddeo\u00a0Paper Lake, na que un dos nosos ex-alumnos, Sim\u00f3n Lara, participa como Director de Arte, foi seleccionada para formar parte da secci\u00f3n oficial do Festival Internacional de Curtametraxes de Berl\u00edn, que se celebrar\u00e1 o vindeiro mes de novembro.<\/p>\n","protected":false},"author":2,"featured_media":0,"comment_status":"open","ping_status":"open","sticky":false,"template":"","format":"standard","meta":{"footnotes":""},"categories":[21,1],"tags":[107,106],"_links":{"self":[{"href":"https:\/\/aulad.com\/blog\/wp-json\/wp\/v2\/posts\/6558"}],"collection":[{"href":"https:\/\/aulad.com\/blog\/wp-json\/wp\/v2\/posts"}],"about":[{"href":"https:\/\/aulad.com\/blog\/wp-json\/wp\/v2\/types\/post"}],"author":[{"embeddable":true,"href":"https:\/\/aulad.com\/blog\/wp-json\/wp\/v2\/users\/2"}],"replies":[{"embeddable":true,"href":"https:\/\/aulad.com\/blog\/wp-json\/wp\/v2\/comments?post=6558"}],"version-history":[{"count":27,"href":"https:\/\/aulad.com\/blog\/wp-json\/wp\/v2\/posts\/6558\/revisions"}],"predecessor-version":[{"id":6597,"href":"https:\/\/aulad.com\/blog\/wp-json\/wp\/v2\/posts\/6558\/revisions\/6597"}],"wp:attachment":[{"href":"https:\/\/aulad.com\/blog\/wp-json\/wp\/v2\/media?parent=6558"}],"wp:term":[{"taxonomy":"category","embeddable":true,"href":"https:\/\/aulad.com\/blog\/wp-json\/wp\/v2\/categories?post=6558"},{"taxonomy":"post_tag","embeddable":true,"href":"https:\/\/aulad.com\/blog\/wp-json\/wp\/v2\/tags?post=6558"}],"curies":[{"name":"wp","href":"https:\/\/api.w.org\/{rel}","templated":true}]}}