{"id":6294,"date":"2013-09-17T18:17:12","date_gmt":"2013-09-17T16:17:12","guid":{"rendered":"http:\/\/aulad.com\/blog\/?p=6294"},"modified":"2013-09-19T14:30:20","modified_gmt":"2013-09-19T12:30:20","slug":"labuelapetra-residencia-artistica","status":"publish","type":"post","link":"https:\/\/aulad.com\/blog\/2013\/09\/17\/labuelapetra-residencia-artistica\/","title":{"rendered":"LABUELAPETRA, residencia art\u00edstica"},"content":{"rendered":"<p><strong style=\"line-height: 1.6em;\">LABUELAPETRA<\/strong><span style=\"line-height: 1.6em;\">, residencia art\u00edstica, \u00e9 un laboratorio creativo dunha semana de duraci\u00f3n que nace da necesidade de varios profesionais do mundo do Dese\u00f1o, o Audiovisual, a Fotograf\u00eda e a Comunicaci\u00f3n para crear un espazo onde poder desenvolver as s\u00faas ideas e inquedanzas art\u00edsticas.<\/span><\/p>\n<p>O proxecto estase a desenvolver dende o m\u00e9rcores 11 de setembro na r\u00faa Simancas do barrio vigu\u00e9s de Bouzas\u00a0, e convidados por <strong>Iria del Bosque<\/strong> \u201c<a href=\"http:\/\/pequenabicha.blogspot.com.es\/\" target=\"_blank\">Pequenabicha<\/a>\u201d acheg\u00e1monos para co\u00f1ecer de primeira man o espazo, xusto antes de que pecharan as portas para iniciar a montaxe das pezas.<\/p>\n<p><iframe loading=\"lazy\" src=\"\/\/player.vimeo.com\/video\/74921383?color=ff9933\" width=\"550\" height=\"310\" frameborder=\"0\" webkitallowfullscreen mozallowfullscreen allowfullscreen><\/iframe><\/p>\n<p>Do que poida suceder nesta residencia art\u00edstica, non vos podemos desvelar m\u00e1is que o que cont\u00e9n o v\u00eddeo que al\u00ed gravamos, pero podedes compartir directamente con eles esta experiencia art\u00edstica a trav\u00e9s da s\u00faa\u00a0<a href=\"https:\/\/www.facebook.com\/labuelapetra\" target=\"_blank\">p\u00e1xina en Facebook<\/a>.<\/p>\n<p><img loading=\"lazy\" decoding=\"async\" class=\"lazy aligncenter\" title=\"blog\" src=\"https:\/\/aulad.com\/blog\/wp-content\/plugins\/jquery-image-lazy-loading\/images\/grey.gif\" data-original=\"https:\/\/aulad.com\/blog\/wp-content\/uploads\/2013\/09\/blog1.jpg\" alt=\"\" width=\"693\" height=\"136\" \/><noscript><img loading=\"lazy\" decoding=\"async\" class=\"aligncenter\" title=\"blog\" src=\"https:\/\/aulad.com\/blog\/wp-content\/uploads\/2013\/09\/blog1.jpg\" alt=\"\" width=\"693\" height=\"136\" \/><\/noscript><\/p>\n<h5><span style=\"text-decoration: underline;\">RESIDENTES<\/span><\/h5>\n<p><strong>Mart\u00edn Rodr\u00edguez V\u00e1zquez<\/strong>. Diplomado en Gui\u00f3n e Direcci\u00f3n. Director de cine e realizador.<br \/>\n<em>Proxecto: Videocreaci\u00f3n.<\/em><em>\u00a0<\/em><\/p>\n<p><strong>Borja Bern\u00e1rdez<\/strong>. Titulado en Fotograf\u00eda Profesional. Fot\u00f3grafo e artista visual.<br \/>\n<em>Proxecto: Instalaci\u00f3n audiovisual.<\/em><\/p>\n<p><strong>Iria del Bosque<\/strong>: T\u00e9cnico superior en dese\u00f1o e direcci\u00f3n de obras de decoraci\u00f3n. Dese\u00f1adora de Interiores.<br \/>\n<em>Proxecto: Instalaci\u00f3n art\u00edstica.<\/em><\/p>\n<p><strong>Isaura Doampo<\/strong>. Diplomada en Gui\u00f3n e Direcci\u00f3n. Videocreadora e fot\u00f3grafa.<br \/>\n<em>Proxecto: Instalaci\u00f3n art\u00edstica.<\/em><\/p>\n<p><strong>Ana Garc\u00eda Vieiros<\/strong>: Licenciada en Publicidades e Relaci\u00f3ns P\u00fablicas. Comunicaci\u00f3n Audiovisual.<br \/>\n<em>Proxecto:\u00a0Documentaci\u00f3n xeral de LABUELAPETRA.<\/em><\/p>\n","protected":false},"excerpt":{"rendered":"<p>LABUELAPETRA, residencia art\u00edstica, \u00e9 un laboratorio creativo dunha semana de duraci\u00f3n que nace da necesidade de varios profesionais do mundo do Dese\u00f1o, o Audiovisual, a Fotograf\u00eda e a Comunicaci\u00f3n para crear un espazo onde poder desenvolver as s\u00faas ideas e inquedanzas art\u00edsticas. O proxecto estase a desenvolver dende o m\u00e9rcores 11 de setembro na r\u00faa [&hellip;]<\/p>\n","protected":false},"author":2,"featured_media":0,"comment_status":"open","ping_status":"open","sticky":false,"template":"","format":"standard","meta":{"footnotes":""},"categories":[21],"tags":[34],"_links":{"self":[{"href":"https:\/\/aulad.com\/blog\/wp-json\/wp\/v2\/posts\/6294"}],"collection":[{"href":"https:\/\/aulad.com\/blog\/wp-json\/wp\/v2\/posts"}],"about":[{"href":"https:\/\/aulad.com\/blog\/wp-json\/wp\/v2\/types\/post"}],"author":[{"embeddable":true,"href":"https:\/\/aulad.com\/blog\/wp-json\/wp\/v2\/users\/2"}],"replies":[{"embeddable":true,"href":"https:\/\/aulad.com\/blog\/wp-json\/wp\/v2\/comments?post=6294"}],"version-history":[{"count":16,"href":"https:\/\/aulad.com\/blog\/wp-json\/wp\/v2\/posts\/6294\/revisions"}],"predecessor-version":[{"id":6304,"href":"https:\/\/aulad.com\/blog\/wp-json\/wp\/v2\/posts\/6294\/revisions\/6304"}],"wp:attachment":[{"href":"https:\/\/aulad.com\/blog\/wp-json\/wp\/v2\/media?parent=6294"}],"wp:term":[{"taxonomy":"category","embeddable":true,"href":"https:\/\/aulad.com\/blog\/wp-json\/wp\/v2\/categories?post=6294"},{"taxonomy":"post_tag","embeddable":true,"href":"https:\/\/aulad.com\/blog\/wp-json\/wp\/v2\/tags?post=6294"}],"curies":[{"name":"wp","href":"https:\/\/api.w.org\/{rel}","templated":true}]}}