{"id":486,"date":"2012-05-06T13:45:09","date_gmt":"2012-05-06T11:45:09","guid":{"rendered":"http:\/\/aulad.com\/blog\/?p=486"},"modified":"2012-06-19T19:20:48","modified_gmt":"2012-06-19T17:20:48","slug":"disfuncions-espazo-sensoriais","status":"publish","type":"post","link":"https:\/\/aulad.com\/blog\/2012\/05\/06\/disfuncions-espazo-sensoriais\/","title":{"rendered":"# Disfunci\u00f3ns espazo-sensoriais: breve resumo das instalaci\u00f3ns do proxecto conxunto anual na escola"},"content":{"rendered":"<p>http:\/\/www.flickr.com\/photos\/adblog\/6939358875\/in\/photostream<br \/>\n<em>Vivimos nun mundo funcional onde os espazos e os obxectos pos\u00faen unha utilidade feita \u00e1 medida das nosas necesidades; todo iso cun custo e moitas veces cun enorme impacto medioambiental a medio ou longo prazo.<br \/>\nO dese\u00f1o, o funcionalismo e a produci\u00f3n industrial levan trazando un percorrido paralelo &#8211; fundamentalmente dende a Bauhaus- alentado polo constante e precipitado desenvolvemento da ciencia a a tecnolox\u00eda neste \u00faltimo s\u00e9culo, sendo o funcional algo necesario a\u00ednda que, en moitos casos, insuficiente como ferramenta expresiva. Por outra banda, compre ter en conta esa especial relaci\u00f3n que, dende as vangardas hist\u00f3ricas, leva existindo entre a Arte e o Dese\u00f1o, onde cadaqu\u00e9n \u00e9 capaz de mirar ao outro para nutrirse e medrar coas novas propostas mantendo, eso s\u00ed, a s\u00faa individualidade como disciplina.<\/em><\/p>\n<p>Tendo isto\u00a0 como alicerce, nos \u00faltimos d\u00edas do mes de Decembro, prop\u00faxose pois, reutilizar un espazo determinado da <a href=\"https:\/\/aulad.com\/\">escola<\/a>, aproveitando tanto o colector (a aula) como o contido (mobiliario) para, a partires de dous termos repartidos ao azar, xerar unha instalaci\u00f3n que fose capaz de transmitir e comunicar a suma de \u00e1mbolos conceptos sen que o resultado final fose un \u201cproduto funcional\u201d; \u00e9 dicir, non se trataba tanto de realizar un traballo comercial sen\u00f3n de facer unha proposta aberta, chea de significado e expresiva; construir un espazo onde se potencien as percepci\u00f3ns, sensaci\u00f3ns e emoci\u00f3ns do usuario cando a experimente.<!--more--><\/p>\n<p>Os materiais empregados para realizar a proposta foron reciclados (envases, cordas, teas, cart\u00f3n, etc), asemade houbo elementos propios da natureza, tam\u00e9n contouse cun pequeno orzamento para gastos de material necesario para a construcci\u00f3n das instalaci\u00f3ns.<\/p>\n<p>Foron case d\u00faas semanas de traballo en equipo onde se tentaron desenvolver os seguintes conceptos: movento\/salvaxe; desequilibrio\/inquedante; xeometr\u00eda\/fr\u00e1xil; equilibrio\/imposible; leve\/org\u00e1nico e expansi\u00f3n\/ambig\u00fco,\u00a0 das que sa\u00edron as seguintes propostas:<\/p>\n<p><strong>AULA 1 (PROXECTOS)_MOVEMENTO \/ SALVAXE:<\/strong><\/p>\n<p><a href=\"http:\/\/www.flickr.com\/photos\/adblog\/6793239104\/in\/photostream\"><img loading=\"lazy\" decoding=\"async\" class=\"lazy \" src=\"https:\/\/aulad.com\/blog\/wp-content\/plugins\/jquery-image-lazy-loading\/images\/grey.gif\" data-original=\"https:\/\/farm8.staticflickr.com\/7208\/6793239104_df3b9285de_z.jpg\" alt=\"Movemento \/ Salvaxe \" width=\"640\" height=\"427\" \/><noscript><img loading=\"lazy\" decoding=\"async\" src=\"https:\/\/farm8.staticflickr.com\/7208\/6793239104_df3b9285de_z.jpg\" alt=\"Movemento \/ Salvaxe \" width=\"640\" height=\"427\" \/><\/noscript><\/a><\/p>\n<blockquote><p>Este proxecto foi abordado dende un punto de vista conceptual seguindo o cami\u00f1o dos\u00a0<em>happenings<\/em>, onde o espctador pode interactuar coa obra.<br \/>\nA idea foi crear un espazo onde o principio b\u00e1sico era a prohibici\u00f3n de prohibir, facendo que o espectador\u00a0 s\u00edntase libre e \u00e1 vez reflexionares sobre os seus instintos salvaxes mediante un v\u00eddeo acompa\u00f1ado de audio con sons fortes e r\u00edtmicos que \u00edan aumentando a s\u00faa intensidade .<\/p><\/blockquote>\n<p>Isis Rodr\u00edguez Cid<br \/>\nYaiza M. Santom\u00e9 Fervenza<br \/>\nDaniel Chapela Cordeiro<br \/>\nUxia Benlloch Giao<br \/>\nLaura Vicente Carrera<br \/>\nSilvina Alfonsin Nande<br \/>\nIria Lopez Adrio<br \/>\nLorena Figueirido de la Concepci\u00f3n<br \/>\nLorena Serrano Prego<br \/>\nAriadna Fern\u00e1ndez Blanco<\/p>\n<p><strong>ESPAZO POLIVALENTE_DESEQUILIBRIO \/ INQUEDANTE:<\/strong><br \/>\nhttp:\/\/www.flickr.com\/photos\/adblog\/6939349533\/in\/photostream<\/p>\n<blockquote><p>O espazo polivalente \u00e9 un lugar principalmente de tr\u00e1nsito e\u00a0 tam\u00e9n de lecer. Tr\u00e1tase dun espazo relativamente amplo e ortogonal que une as aulas de Proxectos1 e Proxectos 2 coa entrada principal da escola.<br \/>\nTendo todo isto en conta, tratouse de xerar un espazo que representase todo o contrario ao habitual e, polo tanto, que afectase directamente ao desiquilibrio a nivel psicol\u00f3xico difilcultando o tr\u00e1nsito coti\u00e1 e provocando con isto certa sensaci\u00f3n de incomodidade e desconcerto.<br \/>\nSegundo comentan os autores da instalaci\u00f3n: \u201cResumindo, \u00e9 como se houbesemos metido este habit\u00e1culo nunha batidora\u201d<\/p><\/blockquote>\n<p>\u00darsula Cancelas Peque\u00f1o<br \/>\nYaiza Cruces Carballido<br \/>\nRaquel Bern\u00e1rdez Fern\u00e1ndez-Novoa<br \/>\nGael Gonz\u00e1lez Alonso<br \/>\nM\u00aa Jos\u00e9 Miguez Iglesias<br \/>\nCarlota Novo Gonzalvo<br \/>\nM\u00aa Teresa Garrido Velasco<br \/>\nMariana Maglio Reyes<br \/>\nDavid Lorenzo Cama\u00f1o<br \/>\nLaura N\u00fa\u00f1ez Carpinteiro<br \/>\nTom\u00e9 Sieira Fern\u00e1ndez<\/p>\n<p><strong>AULA 3_XEOMETR\u00cdA \/ FR\u00c1XIL:<\/strong><br \/>\nhttp:\/\/www.flickr.com\/photos\/adblog\/6939335959\/in\/photostream<\/p>\n<blockquote><p>Partindo da base de que os dous conceptos propostos pod\u00edan teres en com\u00fan o feito de seres vulnerables, polo que intentouse materializar ese concepto nun obxecto e nun espazo cuxa caracter\u00edstica principal era a protecci\u00f3n desa xeometr\u00eda.<br \/>\nO elemento da instalaci\u00f3n \u00e9 un obxecto que s\u00f3 pode ser contemplado, o contacto humano corromper\u00eda e modificar\u00eda esa xeometr\u00eda desexada. A luz tam\u00e9n \u00e9 un elemento importante no proxecto, pois int\u00e9ntase a trav\u00e9s da s\u00faa ausencia crear un espazo irreal, onde o espectador s\u00f3 pode acceder \u00e1 obra a trav\u00e9s dunha xaneli\u00f1a de cristal.<\/p><\/blockquote>\n<p>Alexandra Amy Rom Iglesias<br \/>\nCarlos Alfaya Torr\u00f3n<br \/>\nManuel Moital Davila<br \/>\nManuel Solla Rodr\u00edguez<br \/>\nPatricia Cervi\u00f1o Pastoriza<br \/>\nJuan Edmundo Rodr\u00edguez Fern\u00e1ndez<br \/>\nIgnacio Sebasti\u00e1n Vega Nieva<br \/>\nCristina G\u00e1ndara L\u00f3pez<br \/>\nAnt\u00eda Neira Cardalda<br \/>\nRaul Mar\u00edn Paz\u00f3<\/p>\n<p><strong>AULA 4_EQUILIBRIO \/ IMPOSIBLE:<\/strong><br \/>\n<iframe loading=\"lazy\" title=\"Disfunci\u00f3n espazo-sensoriais: equilibrio \/ imposible\" src=\"https:\/\/player.vimeo.com\/video\/37621644?dnt=1&amp;app_id=122963\" width=\"426\" height=\"240\" frameborder=\"0\" allow=\"autoplay; fullscreen; picture-in-picture\"><\/iframe><\/p>\n<blockquote><p>O equilibrio dos corpos \u00e9 a loita permanenete por manter un estado precario non intr\u00ednseco a eles mesmos. M\u00e1is o equilibrio non s\u00f3 est\u00e1, ou buscase no f\u00edsico, sen\u00f3n que tam\u00e9n bucase a compensaci\u00f3n de forzas entre o mundo sensible e o das ideas, entre o real e o irreal, entre o que vemos ou intu\u00edmos (sombras). O surrealista, o on\u00edrico, os estados de loucura, o mundo dos so\u00f1os..desvirt\u00faan esas forzas facendo tam\u00e9n que ese equilibrio sexa posible.<br \/>\nPara expresar os nosos conceptos deicidimos achegarmonos ao mundo do esp\u00e9ctaculo (cine, circo) onde un elefante trata de manter o equilibrio sobre una corda, a\u00ednda por riba, esa corda non est\u00e1 sen\u00f3n que \u00e9 unha sombra. Existe as\u00ed unha confusi\u00f3n entre realidade e ficci\u00f3n, entre o que ves e o que imaxinas ver.<\/p><\/blockquote>\n<p>Xandra Acevedo Cal<br \/>\nFernando Pena Carnero<br \/>\nIria Costas V\u00e1zquez<br \/>\nMarina Gonz\u00e1lez Dom\u00ednguez<br \/>\nBel\u00e9n Sousa Gonz\u00e1lez<br \/>\nSandra Garc\u00eda Rodr\u00edguez<br \/>\nMar\u00eda Saavedra Pereira<br \/>\nSandra Gonz\u00e1lez Villanueva<br \/>\nSandra Tom\u00e9 Argibay<br \/>\nClaudia Silva Gonz\u00e1lez<\/p>\n<p><strong>AULA 5_LEVE \/ ORG\u00c1NICO:<\/strong><br \/>\n<iframe loading=\"lazy\" title=\"Dinsfunci\u00f3ns Espazo-Sensoriais (LEVE \/ ORG\u00c1NICO)\" width=\"650\" height=\"366\" src=\"https:\/\/www.youtube.com\/embed\/HpNq9nFfhjI?feature=oembed\" frameborder=\"0\" allow=\"accelerometer; autoplay; clipboard-write; encrypted-media; gyroscope; picture-in-picture; web-share\" allowfullscreen><\/iframe><\/p>\n<p><a href=\"http:\/\/www.youtube.com\/watch?feature=player_embedded&amp;v=HpNq9nFfhjI#!\">Dinsfunci\u00f3ns Espazo-Sensoriais (LEVE \/ ORG\u00c1NICO)<\/a><\/p>\n<blockquote><p>Nada m\u00e1is acceder ao espazo \u00e9 necesario atravesar unha estrutura de elementos pendurados no medio dunha escuridade case total, que nos transmite confusi\u00f3n e inquietude, esta primeira zona simboliza o momento da fecundaci\u00f3n e as ra\u00edces da vida.<br \/>\nAo sa\u00edr das \u00ablianas\u00bb encontr\u00e1monos cun habit\u00e1culo que contrasta co espazo anterior, tanto pola s\u00faa iluminaci\u00f3n coma polas cores, son materiais utilizados mentres se executa unha proxecci\u00f3n na que se poden intu\u00edr formas e movementos fetais simbolizando un espazo de recollemento e protecci\u00f3n.Tras o espazo de abrigo e illamento, atravesaremos un t\u00fanel recuberto por papel de xornal que nos impulsa cara a un espazo de luz cegadora, onde nos espera unha sa\u00edda fr\u00eda cara \u00e1 vida mundana.<\/p><\/blockquote>\n<p>\u00c1lvaro Lago<br \/>\n\u00c1ngel Bonet<br \/>\nMar\u00eda Lara<br \/>\nDaniel Dios<br \/>\nLorena M\u00e9ndez<br \/>\nRoi Mall\u00e9n<br \/>\nUx\u00eda Arias<br \/>\nAriana Vidal<br \/>\nCarla Cores<br \/>\nJessica Fernandes<\/p>\n<p><strong>AULA 6_EXPANSI\u00d3N \/ AMBIG\u00dcO:<\/strong><br \/>\nhttp:\/\/www.flickr.com\/photos\/adblog\/6939345959\/in\/photostream<\/p>\n<blockquote><p>A auga \u00e9 o medio ideal para conflu\u00edr t\u00f3dalas esixencias deste proxecto. Situado nun compartimento estanco, o l\u00edquido \u00e9 un elemento que carece inicialmente de direcci\u00f3n, m\u00e1is calquera foco de acci\u00f3n que incida sobre el xerar\u00e1 un movemento expansivo (focal ou li\u00f1eal) que medrar\u00e1 ao longo e largo da s\u00faa superficie a medida que se aten\u00faa, cuestionando se a onda expansiva medra porque aumenta en volume ou mingua porque perde intensidade. A medida que o fen\u00f3meno xera e expande alcanza o l\u00edmite da superficie estancada, momento no que, rebota e comeza a cruzarse sobre s\u00ed mesmo; o espectador observa como na s\u00faa expansi\u00f3n a auga volve, como o cami\u00f1o unidireccional\u00a0 t\u00f3rcese, como ao medrar m\u00ednguase.<\/p>\n<p>A luz de varios focos situados a \u00e1mbolos lados do escenario vaise encargar de crear todas estas ilusi\u00f3ns, matizando de azul t\u00f3dolos reflexos e acrecentando as\u00ed a sensaci\u00f3n de encontrarse nun espazo irreal.<\/p><\/blockquote>\n<p>Roi L\u00f3pez Van der Veen<br \/>\nAndr\u00e9s Aguiar Gonz\u00e1lez<br \/>\nSandra Carballo Rey<br \/>\nAdri\u00e1n Gonz\u00e1lez Caballero<br \/>\nElena Cancela M\u00e9ndez<br \/>\nIris Vila Cabaleiro<br \/>\nSandra Carb\u00f3 Costas<br \/>\nNoelia Est\u00e9vez Davila<br \/>\nXurxo Gonz\u00e1lez Herrero<br \/>\nYago Quintas Alonso<\/p>\n<p><strong>AULA AUDIOVISUAIS_CONCENTRACI\u00d3N \/ OPOSTO:<\/strong><br \/>\n<iframe loading=\"lazy\" title=\"Disfunci\u00f3n espazo-sensoriais: concentraci\u00f3n \/ oposto\" src=\"https:\/\/player.vimeo.com\/video\/37625214?dnt=1&amp;app_id=122963\" width=\"426\" height=\"240\" frameborder=\"0\" allow=\"autoplay; fullscreen; picture-in-picture\"><\/iframe><\/p>\n<blockquote><p>A idea pl\u00e1smase na introducci\u00f3n do bosque como elemento vivo dun espazo amplo, natural, rural, concentrado nun espazo formado por elementos inertes, pequeno, artificial, urbano, polo tanto oposto, contrario, incompatible.<br \/>\nPara a materializaci\u00f3n da idea empr\u00e9ganse p\u00f3las de eucalipto repartidas por toda a aula, suxeitas con\u00a0 soportes de parasol, como elemento oposto. O chan c\u00f3brese de follas e empr\u00e9gase luz artificial, que se proxecta dende o chan, deixando<br \/>\no espazo case en penumbra potenciando o car\u00e1cter introvertido da instalaci\u00f3n.<br \/>\nPor outra banda, a m\u00fasica aporta desequilibrio (no sentido de incompatibilidade cos sons propios dun bosque) que, mesturado co olfacto, a vista mailo tacto fan que o espectador\u00a0 precise dun grao de concentraci\u00f3n, para orientarse hai que tomar decis\u00f3ns, provocando nel un sentimento contraditorio.<\/p><\/blockquote>\n<p>Miguel Cerqueiro D\u00edaz<br \/>\nBeatriz Macias Rodr\u00edguez<br \/>\nAlba Ucha Mutilba<br \/>\nM. Carmen Mart\u00ednez Portela<br \/>\nAnt\u00eda M\u00e9ndez Conde-Pumpido<br \/>\nRen\u00e9 Min\u00ed L\u00e1zara<br \/>\nJuan Pablo Vidal Allegue<br \/>\nOlalla Docampo Boubeta<br \/>\nM.Paz LedoRodr\u00edguez<br \/>\nSandra Almeida Rodr\u00edguez<br \/>\nXulia Veiga P\u00e9rez<\/p>\n<p>Para ver t\u00f3dalas imaxes, v\u00e9xase:<br \/>\n<a href=\"http:\/\/www.flickr.com\/photos\/adblog\/sets\/72157629477148121\/\">http:\/\/www.flickr.com\/photos\/adblog\/sets\/72157629477148121\/<\/a><\/p>\n","protected":false},"excerpt":{"rendered":"<p>http:\/\/www.flickr.com\/photos\/adblog\/6939358875\/in\/photostream Vivimos nun mundo funcional onde os espazos e os obxectos pos\u00faen unha utilidade feita \u00e1 medida das nosas necesidades; todo iso cun custo e moitas veces cun enorme impacto medioambiental a medio ou longo prazo. O dese\u00f1o, o funcionalismo e a produci\u00f3n industrial levan trazando un percorrido paralelo &#8211; fundamentalmente dende a Bauhaus- alentado [&hellip;]<\/p>\n","protected":false},"author":1,"featured_media":0,"comment_status":"open","ping_status":"open","sticky":false,"template":"","format":"standard","meta":{"footnotes":""},"categories":[20,21,14,18,1],"tags":[73,38,51],"_links":{"self":[{"href":"https:\/\/aulad.com\/blog\/wp-json\/wp\/v2\/posts\/486"}],"collection":[{"href":"https:\/\/aulad.com\/blog\/wp-json\/wp\/v2\/posts"}],"about":[{"href":"https:\/\/aulad.com\/blog\/wp-json\/wp\/v2\/types\/post"}],"author":[{"embeddable":true,"href":"https:\/\/aulad.com\/blog\/wp-json\/wp\/v2\/users\/1"}],"replies":[{"embeddable":true,"href":"https:\/\/aulad.com\/blog\/wp-json\/wp\/v2\/comments?post=486"}],"version-history":[{"count":161,"href":"https:\/\/aulad.com\/blog\/wp-json\/wp\/v2\/posts\/486\/revisions"}],"predecessor-version":[{"id":2920,"href":"https:\/\/aulad.com\/blog\/wp-json\/wp\/v2\/posts\/486\/revisions\/2920"}],"wp:attachment":[{"href":"https:\/\/aulad.com\/blog\/wp-json\/wp\/v2\/media?parent=486"}],"wp:term":[{"taxonomy":"category","embeddable":true,"href":"https:\/\/aulad.com\/blog\/wp-json\/wp\/v2\/categories?post=486"},{"taxonomy":"post_tag","embeddable":true,"href":"https:\/\/aulad.com\/blog\/wp-json\/wp\/v2\/tags?post=486"}],"curies":[{"name":"wp","href":"https:\/\/api.w.org\/{rel}","templated":true}]}}