{"id":4800,"date":"2013-05-02T18:43:09","date_gmt":"2013-05-02T16:43:09","guid":{"rendered":"http:\/\/aulad.com\/blog\/?p=4800"},"modified":"2013-05-13T16:01:36","modified_gmt":"2013-05-13T14:01:36","slug":"bolsas-de-estudos-para-exalumns","status":"publish","type":"post","link":"https:\/\/aulad.com\/blog\/2013\/05\/02\/bolsas-de-estudos-para-exalumns\/","title":{"rendered":"Bolsas de estudos para exalumn@s"},"content":{"rendered":"<p><span style=\"line-height: 1.6em;\">Nestes tempos dif\u00edciles que nos toca vivir, en Aula D pensamos que a formaci\u00f3n segue a ser unha das principais maneiras de estar nas mellores condici\u00f3ns para afrontar a crise. Tam\u00e9n creemos no dese\u00f1o, e que \u00e9ste pode mellorar a vida das persoas. Queda moito por facer.<\/span><\/p>\n<div><a href=\"https:\/\/aulad.com\/blog\/2013\/05\/02\/bolsas-de-estudos-para-exalumns\/bolsas-estudos-3\/\"><img loading=\"lazy\" decoding=\"async\" class=\"lazy aligncenter size-large wp-image-4835\" title=\"bolsas estudos\" src=\"https:\/\/aulad.com\/blog\/wp-content\/plugins\/jquery-image-lazy-loading\/images\/grey.gif\" data-original=\"https:\/\/aulad.com\/blog\/wp-content\/uploads\/2013\/05\/bolsas-estudos2-1024x424.jpg\" alt=\"\" width=\"695\" height=\"287\" \/><noscript><img loading=\"lazy\" decoding=\"async\" class=\"aligncenter size-large wp-image-4835\" title=\"bolsas estudos\" src=\"https:\/\/aulad.com\/blog\/wp-content\/uploads\/2013\/05\/bolsas-estudos2-1024x424.jpg\" alt=\"\" width=\"695\" height=\"287\" srcset=\"https:\/\/aulad.com\/blog\/wp-content\/uploads\/2013\/05\/bolsas-estudos2-1024x424.jpg 1024w, https:\/\/aulad.com\/blog\/wp-content\/uploads\/2013\/05\/bolsas-estudos2-300x124.jpg 300w, https:\/\/aulad.com\/blog\/wp-content\/uploads\/2013\/05\/bolsas-estudos2.jpg 1257w\" sizes=\"(max-width: 695px) 100vw, 695px\" \/><\/noscript><\/a><\/div>\n<p><span style=\"font-size: 14px; line-height: 1.6em;\">T\u00f3d@l@s exalumn@s que xa obtiveran un t\u00edtulo de T\u00e9cnico Superior en Aula D poden estudar o outro ciclo que impartimos coa axuda dunha bolsa de estudos de xeito que o custo total reducir\u00edase nun 50%.<\/span><\/p>\n<div>\n<p>Aproveita e ch\u00e1manos si crees que a\u00ednda tes cousas que aprender con n\u00f3s.<\/p>\n<\/div>\n","protected":false},"excerpt":{"rendered":"<p>Nestes tempos dif\u00edciles que nos toca vivir, en Aula D pensamos que a formaci\u00f3n segue a ser unha das principais maneiras de estar nas mellores condici\u00f3ns para afrontar a crise. Tam\u00e9n creemos no dese\u00f1o, e que \u00e9ste pode mellorar a vida das persoas. Queda moito por facer. T\u00f3d@l@s exalumn@s que xa obtiveran un t\u00edtulo de [&hellip;]<\/p>\n","protected":false},"author":1,"featured_media":0,"comment_status":"open","ping_status":"open","sticky":false,"template":"","format":"standard","meta":{"footnotes":""},"categories":[1],"tags":[],"_links":{"self":[{"href":"https:\/\/aulad.com\/blog\/wp-json\/wp\/v2\/posts\/4800"}],"collection":[{"href":"https:\/\/aulad.com\/blog\/wp-json\/wp\/v2\/posts"}],"about":[{"href":"https:\/\/aulad.com\/blog\/wp-json\/wp\/v2\/types\/post"}],"author":[{"embeddable":true,"href":"https:\/\/aulad.com\/blog\/wp-json\/wp\/v2\/users\/1"}],"replies":[{"embeddable":true,"href":"https:\/\/aulad.com\/blog\/wp-json\/wp\/v2\/comments?post=4800"}],"version-history":[{"count":46,"href":"https:\/\/aulad.com\/blog\/wp-json\/wp\/v2\/posts\/4800\/revisions"}],"predecessor-version":[{"id":4934,"href":"https:\/\/aulad.com\/blog\/wp-json\/wp\/v2\/posts\/4800\/revisions\/4934"}],"wp:attachment":[{"href":"https:\/\/aulad.com\/blog\/wp-json\/wp\/v2\/media?parent=4800"}],"wp:term":[{"taxonomy":"category","embeddable":true,"href":"https:\/\/aulad.com\/blog\/wp-json\/wp\/v2\/categories?post=4800"},{"taxonomy":"post_tag","embeddable":true,"href":"https:\/\/aulad.com\/blog\/wp-json\/wp\/v2\/tags?post=4800"}],"curies":[{"name":"wp","href":"https:\/\/api.w.org\/{rel}","templated":true}]}}