{"id":4792,"date":"2013-04-26T12:13:47","date_gmt":"2013-04-26T10:13:47","guid":{"rendered":"http:\/\/aulad.com\/blog\/?p=4792"},"modified":"2013-04-26T12:13:47","modified_gmt":"2013-04-26T10:13:47","slug":"cinco-alumnos-de-aula-d-premiados-no-concurso-de-fotografia-xurxo-lobato","status":"publish","type":"post","link":"https:\/\/aulad.com\/blog\/2013\/04\/26\/cinco-alumnos-de-aula-d-premiados-no-concurso-de-fotografia-xurxo-lobato\/","title":{"rendered":"Cinco alumnos de aula D premiados no Concurso de Fotograf\u00eda Xurxo Lobato"},"content":{"rendered":"<p style=\"text-align: left;\"><img loading=\"lazy\" decoding=\"async\" class=\"lazy aligncenter size-full wp-image-4793\" title=\"premio xurxo lobato sandra gonzalez\" src=\"https:\/\/aulad.com\/blog\/wp-content\/plugins\/jquery-image-lazy-loading\/images\/grey.gif\" data-original=\"https:\/\/aulad.com\/blog\/wp-content\/uploads\/2013\/04\/premio-xurxo-lobato-sandra-gonzalez.jpg\" alt=\"\" width=\"768\" height=\"424\" \/><noscript><img loading=\"lazy\" decoding=\"async\" class=\"aligncenter size-full wp-image-4793\" title=\"premio xurxo lobato sandra gonzalez\" src=\"https:\/\/aulad.com\/blog\/wp-content\/uploads\/2013\/04\/premio-xurxo-lobato-sandra-gonzalez.jpg\" alt=\"\" width=\"768\" height=\"424\" srcset=\"https:\/\/aulad.com\/blog\/wp-content\/uploads\/2013\/04\/premio-xurxo-lobato-sandra-gonzalez.jpg 960w, https:\/\/aulad.com\/blog\/wp-content\/uploads\/2013\/04\/premio-xurxo-lobato-sandra-gonzalez-300x165.jpg 300w\" sizes=\"(max-width: 768px) 100vw, 768px\" \/><\/noscript><\/p>\n<p style=\"text-align: left;\">Nesta\u00a09\u00ba edici\u00f3n do<strong> <a href=\"https:\/\/www.facebook.com\/pages\/CONCURSO-DE-FOTOGRAFIA-XURXO-LOBATO\/109741835734477?fref=ts\" target=\"_blank\">Concurso de Fotograf\u00eda Xurxo Lobato<\/a><\/strong> present\u00e1ronse 815 fotograf\u00edas cun total de 350 participantes. Ao acto de entrega de premios, levado a cabo no Instituto de Monelos, na Coru\u00f1a, asistiu o rector da\u00a0Universidade da Coru\u00f1a, Xose Luis Armesto, e o decano do Colexio de Xornalistas de Galicia, Xos\u00e9 Manuel Pereiro.<\/p>\n<p style=\"text-align: left;\">Dende\u00a0<strong>aulaD<\/strong>\u00a0queremos dar os nosos parab\u00e9ns \u00e1 organizaci\u00f3n do\u00a0concurso\u00a0polo seu esforzo en p\u00f3r en valor, promover e difundir \u00e1s novas promesas da creaci\u00f3n fotogr\u00e1fica galega.<\/p>\n<p style=\"text-align: left;\">Tam\u00e9n felicitamos a <strong>cinco dos nosos alumnos que resultaron galardonados<\/strong> na presente edici\u00f3n: Daniel Chapela, Mari Carmen Mart\u00ednez, Andr\u00e9s Aguiar e Ux\u00eda Benlloch, premiados con cadanseu acc\u00e9sit e, de xeito moi especial, a <strong>Sandra Gonz\u00e1lez Villanueva, que obtivo o 1\u00ba premio <\/strong>co seu traballo <em>Simbiosis, <\/em>sendo as\u00ed <a href=\"https:\/\/aulad.com\/blog\/2012\/05\/07\/8%C2%AA-edicion-dos-premios-de-fotografia-xurxo-lobato\/\" target=\"_blank\">o segundo ano consecutivo<\/a> que unha das nosas alumnas acada este reco\u00f1ecemento<strong>.<\/strong><\/p>\n","protected":false},"excerpt":{"rendered":"<p>Nesta\u00a09\u00ba edici\u00f3n do Concurso de Fotograf\u00eda Xurxo Lobato present\u00e1ronse 815 fotograf\u00edas cun total de 350 participantes. Ao acto de entrega de premios, levado a cabo no Instituto de Monelos, na Coru\u00f1a, asistiu o rector da\u00a0Universidade da Coru\u00f1a, Xose Luis Armesto, e o decano do Colexio de Xornalistas de Galicia, Xos\u00e9 Manuel Pereiro. Dende\u00a0aulaD\u00a0queremos dar os [&hellip;]<\/p>\n","protected":false},"author":2,"featured_media":0,"comment_status":"open","ping_status":"open","sticky":false,"template":"","format":"standard","meta":{"footnotes":""},"categories":[22,1],"tags":[73,38,45],"_links":{"self":[{"href":"https:\/\/aulad.com\/blog\/wp-json\/wp\/v2\/posts\/4792"}],"collection":[{"href":"https:\/\/aulad.com\/blog\/wp-json\/wp\/v2\/posts"}],"about":[{"href":"https:\/\/aulad.com\/blog\/wp-json\/wp\/v2\/types\/post"}],"author":[{"embeddable":true,"href":"https:\/\/aulad.com\/blog\/wp-json\/wp\/v2\/users\/2"}],"replies":[{"embeddable":true,"href":"https:\/\/aulad.com\/blog\/wp-json\/wp\/v2\/comments?post=4792"}],"version-history":[{"count":6,"href":"https:\/\/aulad.com\/blog\/wp-json\/wp\/v2\/posts\/4792\/revisions"}],"predecessor-version":[{"id":4799,"href":"https:\/\/aulad.com\/blog\/wp-json\/wp\/v2\/posts\/4792\/revisions\/4799"}],"wp:attachment":[{"href":"https:\/\/aulad.com\/blog\/wp-json\/wp\/v2\/media?parent=4792"}],"wp:term":[{"taxonomy":"category","embeddable":true,"href":"https:\/\/aulad.com\/blog\/wp-json\/wp\/v2\/categories?post=4792"},{"taxonomy":"post_tag","embeddable":true,"href":"https:\/\/aulad.com\/blog\/wp-json\/wp\/v2\/tags?post=4792"}],"curies":[{"name":"wp","href":"https:\/\/api.w.org\/{rel}","templated":true}]}}