{"id":4579,"date":"2013-03-06T12:00:29","date_gmt":"2013-03-06T11:00:29","guid":{"rendered":"http:\/\/aulad.com\/blog\/?p=4579"},"modified":"2013-03-06T16:46:47","modified_gmt":"2013-03-06T15:46:47","slug":"4579","status":"publish","type":"post","link":"https:\/\/aulad.com\/blog\/2013\/03\/06\/4579\/","title":{"rendered":"9\u00ba edici\u00f3n do Concurso de Fotograf\u00eda Xurxo Lobato"},"content":{"rendered":"<p><span style=\"line-height: 1.6em;\">Este mes remata o prazo de presentaci\u00f3n de traballos para a nova edici\u00f3n (e xa vai pola novena) do <\/span><strong style=\"line-height: 1.6em;\">Concurso de Fotograf\u00eda Xurxo Lobato<\/strong><span style=\"line-height: 1.6em;\">. Agardamos que a calidade dos proxectos seleccionados sexa igual de boa, ou se cabe mellor, ca dos do ano pasado onde <\/span><strong style=\"line-height: 1.6em;\"><a title=\"8\u00aa Edici\u00f3n dos Premios de Fotograf\u00eda Xurxo Lobato\" href=\"https:\/\/aulad.com\/blog\/2012\/05\/07\/8%c2%aa-edicion-dos-premios-de-fotografia-xurxo-lobato\/\">resultou premiada a nosa alumna Sandra Tom\u00e9 Argibay<\/a><\/strong><span style=\"line-height: 1.6em;\"> cunha serie de imaxes pertencentes ao seu proxecto personal do m\u00f3dulo de Fotograf\u00eda\u00a0<\/span><em style=\"line-height: 1.6em;\"><a title=\"A trip to the past present:  : proxecto persoal de fotograf\u00eda por Sandra Tom\u00e9 Argibay\" href=\"https:\/\/aulad.com\/blog\/2012\/06\/19\/a-trip-to-the-past-present-proxecto-persoal-de-fotografia-por-sandra-tome-argibay\/\">A trip to the past present<\/a>.<\/em><span style=\"line-height: 1.6em;\">\u00a0<\/span><\/p>\n<p>Podedes ampliar informaci\u00f3n sobre o concurso\u00a0<a href=\"https:\/\/www.facebook.com\/pages\/CONCURSO-DE-FOTOGRAFIA-XURXO-LOBATO\/109741835734477\" target=\"_blank\">na s\u00faa p\u00e1xina de facebook<\/a>\u00a0e consultar as bases <a href=\"https:\/\/fbcdn-sphotos-h-a.akamaihd.net\/hphotos-ak-prn1\/v\/164450_4909357405981_146289505_n.jpg?oh=9b8f8dbd3741633ef32616f8fca563db&amp;oe=5137095F&amp;__gda__=1362631970_9a8843e22bd7dc8e415c046e04431efb\" target=\"_blank\" rel=\"lightbox[4579]\">neste v\u00ednculo<\/a>.<\/p>\n","protected":false},"excerpt":{"rendered":"<p>Este mes remata o prazo de presentaci\u00f3n de traballos para a nova edici\u00f3n (e xa vai pola novena) do Concurso de Fotograf\u00eda Xurxo Lobato. Agardamos que a calidade dos proxectos seleccionados sexa igual de boa, ou se cabe mellor, ca dos do ano pasado onde resultou premiada a nosa alumna Sandra Tom\u00e9 Argibay cunha serie [&hellip;]<\/p>\n","protected":false},"author":2,"featured_media":4581,"comment_status":"open","ping_status":"open","sticky":false,"template":"","format":"standard","meta":{"footnotes":""},"categories":[22,1],"tags":[73,38,57,45],"_links":{"self":[{"href":"https:\/\/aulad.com\/blog\/wp-json\/wp\/v2\/posts\/4579"}],"collection":[{"href":"https:\/\/aulad.com\/blog\/wp-json\/wp\/v2\/posts"}],"about":[{"href":"https:\/\/aulad.com\/blog\/wp-json\/wp\/v2\/types\/post"}],"author":[{"embeddable":true,"href":"https:\/\/aulad.com\/blog\/wp-json\/wp\/v2\/users\/2"}],"replies":[{"embeddable":true,"href":"https:\/\/aulad.com\/blog\/wp-json\/wp\/v2\/comments?post=4579"}],"version-history":[{"count":6,"href":"https:\/\/aulad.com\/blog\/wp-json\/wp\/v2\/posts\/4579\/revisions"}],"predecessor-version":[{"id":4589,"href":"https:\/\/aulad.com\/blog\/wp-json\/wp\/v2\/posts\/4579\/revisions\/4589"}],"wp:featuredmedia":[{"embeddable":true,"href":"https:\/\/aulad.com\/blog\/wp-json\/wp\/v2\/media\/4581"}],"wp:attachment":[{"href":"https:\/\/aulad.com\/blog\/wp-json\/wp\/v2\/media?parent=4579"}],"wp:term":[{"taxonomy":"category","embeddable":true,"href":"https:\/\/aulad.com\/blog\/wp-json\/wp\/v2\/categories?post=4579"},{"taxonomy":"post_tag","embeddable":true,"href":"https:\/\/aulad.com\/blog\/wp-json\/wp\/v2\/tags?post=4579"}],"curies":[{"name":"wp","href":"https:\/\/api.w.org\/{rel}","templated":true}]}}