{"id":3767,"date":"2012-11-22T18:48:48","date_gmt":"2012-11-22T17:48:48","guid":{"rendered":"http:\/\/aulad.com\/blog\/?p=3767"},"modified":"2012-11-22T20:46:30","modified_gmt":"2012-11-22T19:46:30","slug":"o-bosquexo-do-mundo-charla-coloquio-impartida-por-alberto-gonzalez-alegre","status":"publish","type":"post","link":"https:\/\/aulad.com\/blog\/2012\/11\/22\/o-bosquexo-do-mundo-charla-coloquio-impartida-por-alberto-gonzalez-alegre\/","title":{"rendered":"O bosquexo do mundo: charla-coloquio impartida por Alberto Gonz\u00e1lez-Alegre"},"content":{"rendered":"<p>O vindeiro <strong>luns 26 de novembro \u00e1s 12:00 horas<\/strong>, en <a href=\"http:\/\/www.aulad.com\/\">aulaD<\/a> (Centro Autorizado de Artes Pl\u00e1sticas e Dese\u00f1o) contaremos coa presenza de <strong>Alberto Gonz\u00e1lez-Alegre<\/strong> que impartir\u00e1 a charla coloquio <em>O bosquexo do mundo<\/em>. \ufffcUnha exposici\u00f3n feita para o museo do <a href=\"http:\/\/www.marcovigo.com\/\">MARCO<\/a>, que se inaugurar\u00e1 o 18 de xaneiro de 2013, comisariada polo propio <strong>Alberto Gonz\u00e1lez-Alegre<\/strong> e <strong>Angel Cervi\u00f1o<\/strong>.<!--more--><\/p>\n<p><a href=\"https:\/\/aulad.com\/blog\/2012\/11\/22\/o-bosquexo-do-mundo-charla-coloquio-impartida-por-alberto-gonzalez-alegre\/olympus-digital-camera-9\/\"><img loading=\"lazy\" decoding=\"async\" class=\"lazy aligncenter size-full wp-image-3819\" src=\"https:\/\/aulad.com\/blog\/wp-content\/plugins\/jquery-image-lazy-loading\/images\/grey.gif\" data-original=\"https:\/\/aulad.com\/blog\/wp-content\/uploads\/2012\/11\/O-bosquexodomundo.jpg\" alt=\"\" width=\"1000\" height=\"450\" \/><noscript><img loading=\"lazy\" decoding=\"async\" class=\"aligncenter size-full wp-image-3819\" src=\"https:\/\/aulad.com\/blog\/wp-content\/uploads\/2012\/11\/O-bosquexodomundo.jpg\" alt=\"\" width=\"1000\" height=\"450\" \/><\/noscript><\/a><\/p>\n<p><em>O bosquexo do mundo<\/em> pretende un desvelar a construcci\u00f3n da obra de arte no seu paso de cacharro ou cachivache de taller a peza para un museo. O p\u00fablico ser\u00e1 como un convidado ao backstage do artista e do museo mesmo.<\/p>\n<p>Antes, no s\u00e9culo XIX, fal\u00e1base da inspiraci\u00f3n e tam\u00e9n da gracia dos artistas. O artista era un tipo xenial con algo de bruto (en Espanha isto deuse abondosamente con <a href=\"http:\/\/es.wikipedia.org\/wiki\/Francisco_de_Goya\">Goya<\/a>).<\/p>\n<p>Pero o paradigma cambiou. Agora o artista \u00e9 un proveedor de contidos intelectuais.<\/p>\n<p>O taller \u00e9 o laboratorio do pensamento. Non hai obra previa sen\u00f3n proceso: neste \u00edntimo sentido, un <em>Bauhaus<\/em>, unha casa da construcci\u00f3n.<\/p>\n<p>E nesta construcci\u00f3n o bosquexo adquire un estatuto ambiguo, cami\u00f1a cara a obra pero non \u00e9 obra. \u00bfOu si?<\/p>\n<p>No <em>O bosquexo do mundo<\/em> dase un ir e vir. A primeira palabra procede do artista, ningu\u00e9n quere a \u00faltima.<\/p>\n<div id='gallery-1' class='gallery galleryid-3767 gallery-columns-3 gallery-size-thumbnail'><figure class='gallery-item'>\n\t\t\t<div class='gallery-icon portrait'>\n\t\t\t\t<a href='https:\/\/aulad.com\/blog\/wp-content\/uploads\/2012\/11\/PA030077.jpg' rel=\"lightbox[3767]\"><img loading=\"lazy\" decoding=\"async\" width=\"150\" height=\"150\" src=\"https:\/\/aulad.com\/blog\/wp-content\/plugins\/jquery-image-lazy-loading\/images\/grey.gif\" data-original=\"https:\/\/aulad.com\/blog\/wp-content\/uploads\/2012\/11\/PA030077-150x150.jpg\" class=\"lazy attachment-thumbnail size-thumbnail\" alt=\"\" \/><noscript><img loading=\"lazy\" decoding=\"async\" width=\"150\" height=\"150\" src=\"https:\/\/aulad.com\/blog\/wp-content\/uploads\/2012\/11\/PA030077-150x150.jpg\" class=\"attachment-thumbnail size-thumbnail\" alt=\"\" \/><\/noscript><\/a>\n\t\t\t<\/div><\/figure><figure class='gallery-item'>\n\t\t\t<div class='gallery-icon landscape'>\n\t\t\t\t<a href='https:\/\/aulad.com\/blog\/wp-content\/uploads\/2012\/11\/O-bosquexodomundo.jpg' rel=\"lightbox[3767]\"><img loading=\"lazy\" decoding=\"async\" width=\"150\" height=\"150\" src=\"https:\/\/aulad.com\/blog\/wp-content\/plugins\/jquery-image-lazy-loading\/images\/grey.gif\" data-original=\"https:\/\/aulad.com\/blog\/wp-content\/uploads\/2012\/11\/O-bosquexodomundo-150x150.jpg\" class=\"lazy attachment-thumbnail size-thumbnail\" alt=\"\" \/><noscript><img loading=\"lazy\" decoding=\"async\" width=\"150\" height=\"150\" src=\"https:\/\/aulad.com\/blog\/wp-content\/uploads\/2012\/11\/O-bosquexodomundo-150x150.jpg\" class=\"attachment-thumbnail size-thumbnail\" alt=\"\" \/><\/noscript><\/a>\n\t\t\t<\/div><\/figure><figure class='gallery-item'>\n\t\t\t<div class='gallery-icon portrait'>\n\t\t\t\t<a href='https:\/\/aulad.com\/blog\/wp-content\/uploads\/2012\/11\/CARTEL-O-BOSQUEXO1.jpg' rel=\"lightbox[3767]\"><img loading=\"lazy\" decoding=\"async\" width=\"150\" height=\"150\" src=\"https:\/\/aulad.com\/blog\/wp-content\/plugins\/jquery-image-lazy-loading\/images\/grey.gif\" data-original=\"https:\/\/aulad.com\/blog\/wp-content\/uploads\/2012\/11\/CARTEL-O-BOSQUEXO1-150x150.jpg\" class=\"lazy attachment-thumbnail size-thumbnail\" alt=\"\" \/><noscript><img loading=\"lazy\" decoding=\"async\" width=\"150\" height=\"150\" src=\"https:\/\/aulad.com\/blog\/wp-content\/uploads\/2012\/11\/CARTEL-O-BOSQUEXO1-150x150.jpg\" class=\"attachment-thumbnail size-thumbnail\" alt=\"\" \/><\/noscript><\/a>\n\t\t\t<\/div><\/figure>\n\t\t<\/div>\n\n<p><strong>\u00b7 Lugar:<\/strong> aulaD, escola de Artes Pl\u00e1sticas e Dese\u00f1o. R\u00faa Ourense 4, Vigo<br \/>\n<strong>\u00b7 Acceso:<\/strong> Libre<br \/>\n<strong>\u00b7 Data:<\/strong> Luns 26 de novembro<br \/>\n<strong>\u00b7 Hora:<\/strong> 12:00 horas<\/p>\n","protected":false},"excerpt":{"rendered":"<p>O vindeiro luns 26 de novembro \u00e1s 12:00 horas, en aulaD (Centro Autorizado de Artes Pl\u00e1sticas e Dese\u00f1o) contaremos coa presenza de Alberto Gonz\u00e1lez-Alegre que impartir\u00e1 a charla coloquio O bosquexo do mundo. \ufffcUnha exposici\u00f3n feita para o museo do MARCO, que se inaugurar\u00e1 o 18 de xaneiro de 2013, comisariada polo propio Alberto Gonz\u00e1lez-Alegre [&hellip;]<\/p>\n","protected":false},"author":1,"featured_media":3810,"comment_status":"open","ping_status":"open","sticky":false,"template":"","format":"standard","meta":{"footnotes":""},"categories":[21,1],"tags":[46],"_links":{"self":[{"href":"https:\/\/aulad.com\/blog\/wp-json\/wp\/v2\/posts\/3767"}],"collection":[{"href":"https:\/\/aulad.com\/blog\/wp-json\/wp\/v2\/posts"}],"about":[{"href":"https:\/\/aulad.com\/blog\/wp-json\/wp\/v2\/types\/post"}],"author":[{"embeddable":true,"href":"https:\/\/aulad.com\/blog\/wp-json\/wp\/v2\/users\/1"}],"replies":[{"embeddable":true,"href":"https:\/\/aulad.com\/blog\/wp-json\/wp\/v2\/comments?post=3767"}],"version-history":[{"count":102,"href":"https:\/\/aulad.com\/blog\/wp-json\/wp\/v2\/posts\/3767\/revisions"}],"predecessor-version":[{"id":3879,"href":"https:\/\/aulad.com\/blog\/wp-json\/wp\/v2\/posts\/3767\/revisions\/3879"}],"wp:featuredmedia":[{"embeddable":true,"href":"https:\/\/aulad.com\/blog\/wp-json\/wp\/v2\/media\/3810"}],"wp:attachment":[{"href":"https:\/\/aulad.com\/blog\/wp-json\/wp\/v2\/media?parent=3767"}],"wp:term":[{"taxonomy":"category","embeddable":true,"href":"https:\/\/aulad.com\/blog\/wp-json\/wp\/v2\/categories?post=3767"},{"taxonomy":"post_tag","embeddable":true,"href":"https:\/\/aulad.com\/blog\/wp-json\/wp\/v2\/tags?post=3767"}],"curies":[{"name":"wp","href":"https:\/\/api.w.org\/{rel}","templated":true}]}}