{"id":3137,"date":"2012-09-25T23:00:15","date_gmt":"2012-09-25T21:00:15","guid":{"rendered":"http:\/\/aulad.com\/blog\/?p=3137"},"modified":"2012-10-03T17:16:48","modified_gmt":"2012-10-03T15:16:48","slug":"doa-exposicion-outras-miradas-2","status":"publish","type":"post","link":"https:\/\/aulad.com\/blog\/2012\/09\/25\/doa-exposicion-outras-miradas-2\/","title":{"rendered":"DOA: Exposici\u00f3n \u00abOutras miradas 2\u00bb"},"content":{"rendered":"<p>Hoxe, 25 de setembro, teremos a primeira das mostras propostas para este novo ano lectivo 2012\/2013. Nesta ocasi\u00f3n, a exposici\u00f3n consistir\u00e1 en amosar os diferentes retratos realizados nos abradoiros da <a href=\"http:\/\/asodoa.org\/\">Asociaci\u00f3n de Axuda ao enfermo Mental DOA<\/a> (Vigo e Cangas) mediante a t\u00e9cnica da colaxe.<!--more--><\/p>\n<blockquote><p>O retrato en si mesmo ten m\u00faltiples interpretaci\u00f3ns, esto forma parte dunha traxectoria iniciada fai anos por varias asociaci\u00f3ns de Vigo en colaboraci\u00f3n coa <em><a href=\"http:\/\/belasartes.uvigo.es\/bbaa\/\">Facultade de Belas Artes de Pontevedra<\/a><\/em>. O retrato e o colaxe ocupan a nosa f\u00f3rmula de traballo como xa o fixo na nosa \u00faltima exposici\u00f3n na <a href=\"http:\/\/hoxe.vigo.org\/movemonos\/m_artes.php?lang=cas\"><em>Casa das Artes de Vigo<\/em><\/a> :\u201cOutras Miradas\u201d.<br \/>\nEn \u201cOutras Miradas 2\u201d, extraemos a obra correspondente \u00e1 <a href=\"http:\/\/asodoa.org\/\"><em><em>Asociaci\u00f3n de Axuda ao enfermo Mental DOA (Vigo e Cangas)<\/em><\/em><\/a> para amosalo e demostrar que a creatividade e a libre expresi\u00f3n art\u00edstica aportan un nivel de calidade igual que o de calquera persoa, asemade coa particularidade dos beneficios terap\u00e9uticos que conleva para estes artistas o traballo e a creaci\u00f3n.<br \/>\nDic\u00eda <a href=\"http:\/\/es.wikipedia.org\/wiki\/Antonin_Artaud\"><em>Artaud<\/em><\/a> que o m\u00e1is pequeno acto de creaci\u00f3n espont\u00e1nea constit\u00fae un mundo m\u00e1is complexo e revelador que calquera sistema metaf\u00edsico\u2026..<\/p><\/blockquote>\n<p><strong>ARTISTAS:<\/strong><br \/>\n\u00b7Bego\u00f1a Dacosta Alfaya<br \/>\n\u00b7Ana Kaifer<br \/>\n\u00b7Guillermo Rodal Molares<br \/>\n\u00b7Juan Ignacio Pereiro Abril<br \/>\n\u00b7Jos\u00e9 Malvido Marcos<br \/>\n\u00b7Alberto Lest\u00f3n<br \/>\n\u00b7Francisco Jos\u00e9 Barreiro Gra\u00f1a<br \/>\n\u00b7Jose A. Rial (Patako)<br \/>\n\u00b7Jes\u00fas Mart\u00edn Garcia Blanco<br \/>\n\u00b7M\u00aaJos\u00e9 L\u00f3pez<br \/>\n\u00b7Geli Perez<\/p>\n<p>A mostra estar\u00e1 exposta ao p\u00fablico dende o<strong> 25 de Setembro ao 25 de Outubro<\/strong> co seguinte horario:<\/p>\n<p><strong>Lugar:<\/strong> aulaD, escola de Artes Pl\u00e1sticas e Dese\u00f1o. R\u00faa Ourense 4, Vigo<br \/>\n<strong>Acceso:<\/strong> libre<\/p>\n<p><strong>Horario, lectivo:<\/strong><\/p>\n<p>de luns a venres\u2026\u2026\u2026\u2026\u2026\u2026\u2026\u2026\u2026\u2026\u2026\u2026\u2026\u2026\u2026 polas ma\u00f1\u00e1s de 9,00 a 14,00h.<\/p>\n<p>de martes a xoves\u2026\u2026\u2026\u2026\u2026\u2026\u2026\u2026\u2026\u2026\u2026\u2026\u2026.. polas tardes de 16,30 a 21,00h.<\/p>\n","protected":false},"excerpt":{"rendered":"<p>Hoxe, 25 de setembro, teremos a primeira das mostras propostas para este novo ano lectivo 2012\/2013. Nesta ocasi\u00f3n, a exposici\u00f3n consistir\u00e1 en amosar os diferentes retratos realizados nos abradoiros da Asociaci\u00f3n de Axuda ao enfermo Mental DOA (Vigo e Cangas) mediante a t\u00e9cnica da colaxe.<\/p>\n","protected":false},"author":1,"featured_media":3183,"comment_status":"open","ping_status":"open","sticky":false,"template":"","format":"standard","meta":{"footnotes":""},"categories":[21,1],"tags":[38,34],"_links":{"self":[{"href":"https:\/\/aulad.com\/blog\/wp-json\/wp\/v2\/posts\/3137"}],"collection":[{"href":"https:\/\/aulad.com\/blog\/wp-json\/wp\/v2\/posts"}],"about":[{"href":"https:\/\/aulad.com\/blog\/wp-json\/wp\/v2\/types\/post"}],"author":[{"embeddable":true,"href":"https:\/\/aulad.com\/blog\/wp-json\/wp\/v2\/users\/1"}],"replies":[{"embeddable":true,"href":"https:\/\/aulad.com\/blog\/wp-json\/wp\/v2\/comments?post=3137"}],"version-history":[{"count":55,"href":"https:\/\/aulad.com\/blog\/wp-json\/wp\/v2\/posts\/3137\/revisions"}],"predecessor-version":[{"id":3196,"href":"https:\/\/aulad.com\/blog\/wp-json\/wp\/v2\/posts\/3137\/revisions\/3196"}],"wp:featuredmedia":[{"embeddable":true,"href":"https:\/\/aulad.com\/blog\/wp-json\/wp\/v2\/media\/3183"}],"wp:attachment":[{"href":"https:\/\/aulad.com\/blog\/wp-json\/wp\/v2\/media?parent=3137"}],"wp:term":[{"taxonomy":"category","embeddable":true,"href":"https:\/\/aulad.com\/blog\/wp-json\/wp\/v2\/categories?post=3137"},{"taxonomy":"post_tag","embeddable":true,"href":"https:\/\/aulad.com\/blog\/wp-json\/wp\/v2\/tags?post=3137"}],"curies":[{"name":"wp","href":"https:\/\/api.w.org\/{rel}","templated":true}]}}