{"id":3105,"date":"2012-09-21T20:02:24","date_gmt":"2012-09-21T18:02:24","guid":{"rendered":"http:\/\/aulad.com\/blog\/?p=3105"},"modified":"2012-10-08T11:29:08","modified_gmt":"2012-10-08T09:29:08","slug":"remate-da-exposicion-colectiva%c2%b412","status":"publish","type":"post","link":"https:\/\/aulad.com\/blog\/2012\/09\/21\/remate-da-exposicion-colectiva%c2%b412\/","title":{"rendered":"Remate da exposici\u00f3n Colectiva\u00b412"},"content":{"rendered":"<p><a href=\"http:\/\/www.flickr.com\/photos\/adblog\/7562356092\/in\/photostream\"><img loading=\"lazy\" decoding=\"async\" class=\"lazy \" src=\"https:\/\/aulad.com\/blog\/wp-content\/plugins\/jquery-image-lazy-loading\/images\/grey.gif\" data-original=\"https:\/\/farm8.staticflickr.com\/7121\/7562356092_1478a5fa05_z.jpg\" alt=\"Colectiva\u00b412: exposici\u00f3n conxunta do alumnado dos Ciclos Superiores de Gr\u00e1fica Publicitaria e Proxectos e Direcci\u00f3n de Obras de Decoraci\u00f3n\" width=\"640\" height=\"425\" \/><noscript><img loading=\"lazy\" decoding=\"async\" src=\"https:\/\/farm8.staticflickr.com\/7121\/7562356092_1478a5fa05_z.jpg\" alt=\"Colectiva\u00b412: exposici\u00f3n conxunta do alumnado dos Ciclos Superiores de Gr\u00e1fica Publicitaria e Proxectos e Direcci\u00f3n de Obras de Decoraci\u00f3n\" width=\"640\" height=\"425\" \/><\/noscript><\/a><\/p>\n<p><strong><em>Colectiva\u00b412<\/em><\/strong>, como xa vimos en <a href=\"https:\/\/aulad.com\/blog\/2012\/08\/13\/colectiva%C2%B412-exposicion-do-conxunto-do-alumnado-da-escola\/\">entradas anteriores<\/a>, \u00e9 un proxecto expositivo que trata de mostrar alg\u00fans dos traballos do alumnado pertencentes ao curso 2011\/12 e que se encontra dentro do programa de diferentes charlas e mostras propostas por\u00a0<a href=\"http:\/\/www.aulad.com\/\">Aulad<\/a>, escola de Artes Pl\u00e1sticas e Dese\u00f1o,\u00a0o pasado curso lectivo.<br \/>\nTras a s\u00faa inauguraci\u00f3n no mes de xullo, darase por finalizada este <strong>Venres 21 de Setembro<\/strong>, abrindo as\u00ed un novo ciclo de conferencias e mostras de cara ao novo ano lectivo.<\/p>\n<p>&nbsp;<\/p>\n<div id='gallery-1' class='gallery galleryid-3105 gallery-columns-3 gallery-size-thumbnail'><figure class='gallery-item'>\n\t\t\t<div class='gallery-icon landscape'>\n\t\t\t\t<a href='https:\/\/aulad.com\/blog\/2012\/09\/21\/remate-da-exposicion-colectiva%c2%b412\/img_2072\/'><img loading=\"lazy\" decoding=\"async\" width=\"150\" height=\"150\" src=\"https:\/\/aulad.com\/blog\/wp-content\/plugins\/jquery-image-lazy-loading\/images\/grey.gif\" data-original=\"https:\/\/aulad.com\/blog\/wp-content\/uploads\/2012\/09\/IMG_2072-150x150.jpg\" class=\"lazy attachment-thumbnail size-thumbnail\" alt=\"\" srcset=\"https:\/\/aulad.com\/blog\/wp-content\/uploads\/2012\/09\/IMG_2072-150x150.jpg 150w, https:\/\/aulad.com\/blog\/wp-content\/uploads\/2012\/09\/IMG_2072-300x300.jpg 300w, https:\/\/aulad.com\/blog\/wp-content\/uploads\/2012\/09\/IMG_2072-1024x1024.jpg 1024w\" sizes=\"(max-width: 150px) 100vw, 150px\" \/><noscript><img loading=\"lazy\" decoding=\"async\" width=\"150\" height=\"150\" src=\"https:\/\/aulad.com\/blog\/wp-content\/uploads\/2012\/09\/IMG_2072-150x150.jpg\" class=\"attachment-thumbnail size-thumbnail\" alt=\"\" srcset=\"https:\/\/aulad.com\/blog\/wp-content\/uploads\/2012\/09\/IMG_2072-150x150.jpg 150w, https:\/\/aulad.com\/blog\/wp-content\/uploads\/2012\/09\/IMG_2072-300x300.jpg 300w, https:\/\/aulad.com\/blog\/wp-content\/uploads\/2012\/09\/IMG_2072-1024x1024.jpg 1024w\" sizes=\"(max-width: 150px) 100vw, 150px\" \/><\/noscript><\/a>\n\t\t\t<\/div><\/figure><figure class='gallery-item'>\n\t\t\t<div class='gallery-icon portrait'>\n\t\t\t\t<a href='https:\/\/aulad.com\/blog\/2012\/09\/21\/remate-da-exposicion-colectiva%c2%b412\/img_2116\/'><img loading=\"lazy\" decoding=\"async\" width=\"150\" height=\"150\" src=\"https:\/\/aulad.com\/blog\/wp-content\/plugins\/jquery-image-lazy-loading\/images\/grey.gif\" data-original=\"https:\/\/aulad.com\/blog\/wp-content\/uploads\/2012\/09\/IMG_2116-150x150.jpg\" class=\"lazy attachment-thumbnail size-thumbnail\" alt=\"\" \/><noscript><img loading=\"lazy\" decoding=\"async\" width=\"150\" height=\"150\" src=\"https:\/\/aulad.com\/blog\/wp-content\/uploads\/2012\/09\/IMG_2116-150x150.jpg\" class=\"attachment-thumbnail size-thumbnail\" alt=\"\" \/><\/noscript><\/a>\n\t\t\t<\/div><\/figure><figure class='gallery-item'>\n\t\t\t<div class='gallery-icon portrait'>\n\t\t\t\t<a href='https:\/\/aulad.com\/blog\/2012\/09\/21\/remate-da-exposicion-colectiva%c2%b412\/img_2105\/'><img loading=\"lazy\" decoding=\"async\" width=\"150\" height=\"150\" src=\"https:\/\/aulad.com\/blog\/wp-content\/plugins\/jquery-image-lazy-loading\/images\/grey.gif\" data-original=\"https:\/\/aulad.com\/blog\/wp-content\/uploads\/2012\/09\/IMG_2105-150x150.jpg\" class=\"lazy attachment-thumbnail size-thumbnail\" alt=\"\" \/><noscript><img loading=\"lazy\" decoding=\"async\" width=\"150\" height=\"150\" src=\"https:\/\/aulad.com\/blog\/wp-content\/uploads\/2012\/09\/IMG_2105-150x150.jpg\" class=\"attachment-thumbnail size-thumbnail\" alt=\"\" \/><\/noscript><\/a>\n\t\t\t<\/div><\/figure><figure class='gallery-item'>\n\t\t\t<div class='gallery-icon landscape'>\n\t\t\t\t<a href='https:\/\/aulad.com\/blog\/2012\/09\/21\/remate-da-exposicion-colectiva%c2%b412\/img_2046\/'><img loading=\"lazy\" decoding=\"async\" width=\"150\" height=\"150\" src=\"https:\/\/aulad.com\/blog\/wp-content\/plugins\/jquery-image-lazy-loading\/images\/grey.gif\" data-original=\"https:\/\/aulad.com\/blog\/wp-content\/uploads\/2012\/09\/IMG_2046-150x150.jpg\" class=\"lazy attachment-thumbnail size-thumbnail\" alt=\"\" \/><noscript><img loading=\"lazy\" decoding=\"async\" width=\"150\" height=\"150\" src=\"https:\/\/aulad.com\/blog\/wp-content\/uploads\/2012\/09\/IMG_2046-150x150.jpg\" class=\"attachment-thumbnail size-thumbnail\" alt=\"\" \/><\/noscript><\/a>\n\t\t\t<\/div><\/figure><figure class='gallery-item'>\n\t\t\t<div class='gallery-icon landscape'>\n\t\t\t\t<a href='https:\/\/aulad.com\/blog\/2012\/09\/21\/remate-da-exposicion-colectiva%c2%b412\/img_2133\/'><img loading=\"lazy\" decoding=\"async\" width=\"150\" height=\"150\" src=\"https:\/\/aulad.com\/blog\/wp-content\/plugins\/jquery-image-lazy-loading\/images\/grey.gif\" data-original=\"https:\/\/aulad.com\/blog\/wp-content\/uploads\/2012\/09\/IMG_2133-150x150.jpg\" class=\"lazy attachment-thumbnail size-thumbnail\" alt=\"\" \/><noscript><img loading=\"lazy\" decoding=\"async\" width=\"150\" height=\"150\" src=\"https:\/\/aulad.com\/blog\/wp-content\/uploads\/2012\/09\/IMG_2133-150x150.jpg\" class=\"attachment-thumbnail size-thumbnail\" alt=\"\" \/><\/noscript><\/a>\n\t\t\t<\/div><\/figure><figure class='gallery-item'>\n\t\t\t<div class='gallery-icon portrait'>\n\t\t\t\t<a href='https:\/\/aulad.com\/blog\/2012\/09\/21\/remate-da-exposicion-colectiva%c2%b412\/img_2038\/'><img loading=\"lazy\" decoding=\"async\" width=\"150\" height=\"150\" src=\"https:\/\/aulad.com\/blog\/wp-content\/plugins\/jquery-image-lazy-loading\/images\/grey.gif\" data-original=\"https:\/\/aulad.com\/blog\/wp-content\/uploads\/2012\/09\/IMG_2038-150x150.jpg\" class=\"lazy attachment-thumbnail size-thumbnail\" alt=\"\" \/><noscript><img loading=\"lazy\" decoding=\"async\" width=\"150\" height=\"150\" src=\"https:\/\/aulad.com\/blog\/wp-content\/uploads\/2012\/09\/IMG_2038-150x150.jpg\" class=\"attachment-thumbnail size-thumbnail\" alt=\"\" \/><\/noscript><\/a>\n\t\t\t<\/div><\/figure>\n\t\t<\/div>\n\n<p>Para ver t\u00f3dalas imaxes desta exposici\u00f3n, v\u00e9xase:<br \/>\n<a href=\"http:\/\/www.flickr.com\/photos\/adblog\/sets\/72157630558353720\/\">http:\/\/www.flickr.com\/photos\/adblog\/sets\/72157630558353720\/<\/a><\/p>\n","protected":false},"excerpt":{"rendered":"<p>Colectiva\u00b412, como xa vimos en entradas anteriores, \u00e9 un proxecto expositivo que trata de mostrar alg\u00fans dos traballos do alumnado pertencentes ao curso 2011\/12 e que se encontra dentro do programa de diferentes charlas e mostras propostas por\u00a0Aulad, escola de Artes Pl\u00e1sticas e Dese\u00f1o,\u00a0o pasado curso lectivo. Tras a s\u00faa inauguraci\u00f3n no mes de xullo, [&hellip;]<\/p>\n","protected":false},"author":1,"featured_media":0,"comment_status":"open","ping_status":"open","sticky":false,"template":"","format":"standard","meta":{"footnotes":""},"categories":[21,22,14,18,1],"tags":[73,38,34,51],"_links":{"self":[{"href":"https:\/\/aulad.com\/blog\/wp-json\/wp\/v2\/posts\/3105"}],"collection":[{"href":"https:\/\/aulad.com\/blog\/wp-json\/wp\/v2\/posts"}],"about":[{"href":"https:\/\/aulad.com\/blog\/wp-json\/wp\/v2\/types\/post"}],"author":[{"embeddable":true,"href":"https:\/\/aulad.com\/blog\/wp-json\/wp\/v2\/users\/1"}],"replies":[{"embeddable":true,"href":"https:\/\/aulad.com\/blog\/wp-json\/wp\/v2\/comments?post=3105"}],"version-history":[{"count":29,"href":"https:\/\/aulad.com\/blog\/wp-json\/wp\/v2\/posts\/3105\/revisions"}],"predecessor-version":[{"id":3370,"href":"https:\/\/aulad.com\/blog\/wp-json\/wp\/v2\/posts\/3105\/revisions\/3370"}],"wp:attachment":[{"href":"https:\/\/aulad.com\/blog\/wp-json\/wp\/v2\/media?parent=3105"}],"wp:term":[{"taxonomy":"category","embeddable":true,"href":"https:\/\/aulad.com\/blog\/wp-json\/wp\/v2\/categories?post=3105"},{"taxonomy":"post_tag","embeddable":true,"href":"https:\/\/aulad.com\/blog\/wp-json\/wp\/v2\/tags?post=3105"}],"curies":[{"name":"wp","href":"https:\/\/api.w.org\/{rel}","templated":true}]}}