{"id":2959,"date":"2012-08-09T22:29:04","date_gmt":"2012-08-09T20:29:04","guid":{"rendered":"http:\/\/aulad.com\/blog\/?p=2959"},"modified":"2012-10-03T17:15:28","modified_gmt":"2012-10-03T15:15:28","slug":"land-art-proposta-de-intervencion-no-medio-rural-por-ursula-cancelas-pequeno","status":"publish","type":"post","link":"https:\/\/aulad.com\/blog\/2012\/08\/09\/land-art-proposta-de-intervencion-no-medio-rural-por-ursula-cancelas-pequeno\/","title":{"rendered":"Land Art : proposta de intervenci\u00f3n no medio rural por \u00darsula Cancelas Peque\u00f1o"},"content":{"rendered":"<p><a href=\"http:\/\/www.flickr.com\/photos\/adblog\/7555022418\/in\/photostream\"><img loading=\"lazy\" decoding=\"async\" class=\"lazy \" src=\"https:\/\/aulad.com\/blog\/wp-content\/plugins\/jquery-image-lazy-loading\/images\/grey.gif\" data-original=\"https:\/\/farm8.staticflickr.com\/7272\/7555022418_90f22f47e5_z.jpg\" alt=\"Lan Art por \u00darsula Cancelas Peque\u00f1o\" width=\"640\" height=\"480\" \/><noscript><img loading=\"lazy\" decoding=\"async\" src=\"https:\/\/farm8.staticflickr.com\/7272\/7555022418_90f22f47e5_z.jpg\" alt=\"Lan Art por \u00darsula Cancelas Peque\u00f1o\" width=\"640\" height=\"480\" \/><\/noscript><\/a><\/p>\n<p>Para o desenvolvemento do traballo relacionado co <a href=\"http:\/\/es.wikipedia.org\/wiki\/Land_Art\"><em>Land Art<\/em><\/a> centreime na idea de levar a cabo unha serie de pequenas \u00abesculturas\u00bb dispostas no bosque. \u00c9stas est\u00e1n constru\u00eddas a base de pedras do propio \u00e1mbito que se soste\u00f1en en equilibrio pola s\u00faa composici\u00f3n de xeito gradual (de m\u00e1is grandes a m\u00e1is pequenas). A mi\u00f1a intenci\u00f3n era que nos recordasen a eses monumentos megal\u00edticos como son os dolmens, os menhires, etc&#8230; que ti\u00f1an un significado relacionado coa terra, coa alma, etc&#8230;incluso alg\u00fans funcionaban coma tumbas ou como marca dun lugar de culto. A s\u00faa escala adoitaba ser de gran tama\u00f1o ou mesmo monumental como os <a href=\"http:\/\/es.wikipedia.org\/wiki\/Cr%C3%B3mlech\"><em>Crommlech<\/em><\/a> ou as estatuas da <em><a href=\"http:\/\/es.wikipedia.org\/wiki\/Isla_de_Pascua\">Illa de Pascua<\/a><\/em>.<br \/>\nPolo tanto, o que pretend\u00eda era crear un bosque de pedras a pequena escala e onde a man do home est\u00e1 presente pero sen alterar de ning\u00fan xeito a natureza.<br \/>\nEsta intervenci\u00f3n xogar\u00eda o papel de sorprender a aquel que pasase polo lugar, fac\u00e9ndose todo tipo de preguntas como quen o fixo? que significa? porque est\u00e1n as\u00ed colocadas?&#8230;<\/p>\n<div id='gallery-1' class='gallery galleryid-2959 gallery-columns-4 gallery-size-thumbnail'><figure class='gallery-item'>\n\t\t\t<div class='gallery-icon landscape'>\n\t\t\t\t<a href='https:\/\/aulad.com\/blog\/wp-content\/uploads\/2012\/07\/P5230106.jpg' rel=\"lightbox[2959]\"><img loading=\"lazy\" decoding=\"async\" width=\"150\" height=\"150\" src=\"https:\/\/aulad.com\/blog\/wp-content\/plugins\/jquery-image-lazy-loading\/images\/grey.gif\" data-original=\"https:\/\/aulad.com\/blog\/wp-content\/uploads\/2012\/07\/P5230106-150x150.jpg\" class=\"lazy attachment-thumbnail size-thumbnail\" alt=\"\" \/><noscript><img loading=\"lazy\" decoding=\"async\" width=\"150\" height=\"150\" src=\"https:\/\/aulad.com\/blog\/wp-content\/uploads\/2012\/07\/P5230106-150x150.jpg\" class=\"attachment-thumbnail size-thumbnail\" alt=\"\" \/><\/noscript><\/a>\n\t\t\t<\/div><\/figure><figure class='gallery-item'>\n\t\t\t<div class='gallery-icon landscape'>\n\t\t\t\t<a href='https:\/\/aulad.com\/blog\/wp-content\/uploads\/2012\/07\/P5230112.jpg' rel=\"lightbox[2959]\"><img loading=\"lazy\" decoding=\"async\" width=\"150\" height=\"150\" src=\"https:\/\/aulad.com\/blog\/wp-content\/plugins\/jquery-image-lazy-loading\/images\/grey.gif\" data-original=\"https:\/\/aulad.com\/blog\/wp-content\/uploads\/2012\/07\/P5230112-150x150.jpg\" class=\"lazy attachment-thumbnail size-thumbnail\" alt=\"\" \/><noscript><img loading=\"lazy\" decoding=\"async\" width=\"150\" height=\"150\" src=\"https:\/\/aulad.com\/blog\/wp-content\/uploads\/2012\/07\/P5230112-150x150.jpg\" class=\"attachment-thumbnail size-thumbnail\" alt=\"\" \/><\/noscript><\/a>\n\t\t\t<\/div><\/figure><figure class='gallery-item'>\n\t\t\t<div class='gallery-icon portrait'>\n\t\t\t\t<a href='https:\/\/aulad.com\/blog\/wp-content\/uploads\/2012\/07\/P5230117.jpg' rel=\"lightbox[2959]\"><img loading=\"lazy\" decoding=\"async\" width=\"150\" height=\"150\" src=\"https:\/\/aulad.com\/blog\/wp-content\/plugins\/jquery-image-lazy-loading\/images\/grey.gif\" data-original=\"https:\/\/aulad.com\/blog\/wp-content\/uploads\/2012\/07\/P5230117-150x150.jpg\" class=\"lazy attachment-thumbnail size-thumbnail\" alt=\"\" \/><noscript><img loading=\"lazy\" decoding=\"async\" width=\"150\" height=\"150\" src=\"https:\/\/aulad.com\/blog\/wp-content\/uploads\/2012\/07\/P5230117-150x150.jpg\" class=\"attachment-thumbnail size-thumbnail\" alt=\"\" \/><\/noscript><\/a>\n\t\t\t<\/div><\/figure><figure class='gallery-item'>\n\t\t\t<div class='gallery-icon landscape'>\n\t\t\t\t<a href='https:\/\/aulad.com\/blog\/wp-content\/uploads\/2012\/07\/P5230122.jpg' rel=\"lightbox[2959]\"><img loading=\"lazy\" decoding=\"async\" width=\"150\" height=\"150\" src=\"https:\/\/aulad.com\/blog\/wp-content\/plugins\/jquery-image-lazy-loading\/images\/grey.gif\" data-original=\"https:\/\/aulad.com\/blog\/wp-content\/uploads\/2012\/07\/P5230122-150x150.jpg\" class=\"lazy attachment-thumbnail size-thumbnail\" alt=\"\" \/><noscript><img loading=\"lazy\" decoding=\"async\" width=\"150\" height=\"150\" src=\"https:\/\/aulad.com\/blog\/wp-content\/uploads\/2012\/07\/P5230122-150x150.jpg\" class=\"attachment-thumbnail size-thumbnail\" alt=\"\" \/><\/noscript><\/a>\n\t\t\t<\/div><\/figure>\n\t\t<\/div>\n\n<p>Para ver t\u00f3dalas imaxes deste proxecto, v\u00e9xase:<br \/>\n<a href=\"http:\/\/www.flickr.com\/photos\/adblog\/sets\/72157630540777526\/\">http:\/\/www.flickr.com\/photos\/adblog\/sets\/72157630540777526\/<\/a><\/p>\n","protected":false},"excerpt":{"rendered":"<p>Para o desenvolvemento do traballo relacionado co Land Art centreime na idea de levar a cabo unha serie de pequenas \u00abesculturas\u00bb dispostas no bosque. \u00c9stas est\u00e1n constru\u00eddas a base de pedras do propio \u00e1mbito que se soste\u00f1en en equilibrio pola s\u00faa composici\u00f3n de xeito gradual (de m\u00e1is grandes a m\u00e1is pequenas). A mi\u00f1a intenci\u00f3n era [&hellip;]<\/p>\n","protected":false},"author":1,"featured_media":0,"comment_status":"open","ping_status":"open","sticky":false,"template":"","format":"standard","meta":{"footnotes":""},"categories":[21,18,1],"tags":[73,38,75,51],"_links":{"self":[{"href":"https:\/\/aulad.com\/blog\/wp-json\/wp\/v2\/posts\/2959"}],"collection":[{"href":"https:\/\/aulad.com\/blog\/wp-json\/wp\/v2\/posts"}],"about":[{"href":"https:\/\/aulad.com\/blog\/wp-json\/wp\/v2\/types\/post"}],"author":[{"embeddable":true,"href":"https:\/\/aulad.com\/blog\/wp-json\/wp\/v2\/users\/1"}],"replies":[{"embeddable":true,"href":"https:\/\/aulad.com\/blog\/wp-json\/wp\/v2\/comments?post=2959"}],"version-history":[{"count":18,"href":"https:\/\/aulad.com\/blog\/wp-json\/wp\/v2\/posts\/2959\/revisions"}],"predecessor-version":[{"id":3266,"href":"https:\/\/aulad.com\/blog\/wp-json\/wp\/v2\/posts\/2959\/revisions\/3266"}],"wp:attachment":[{"href":"https:\/\/aulad.com\/blog\/wp-json\/wp\/v2\/media?parent=2959"}],"wp:term":[{"taxonomy":"category","embeddable":true,"href":"https:\/\/aulad.com\/blog\/wp-json\/wp\/v2\/categories?post=2959"},{"taxonomy":"post_tag","embeddable":true,"href":"https:\/\/aulad.com\/blog\/wp-json\/wp\/v2\/tags?post=2959"}],"curies":[{"name":"wp","href":"https:\/\/api.w.org\/{rel}","templated":true}]}}