{"id":1072,"date":"2012-02-07T09:30:04","date_gmt":"2012-02-07T08:30:04","guid":{"rendered":"http:\/\/aulad.com\/blog\/?p=1072"},"modified":"2012-02-06T20:25:11","modified_gmt":"2012-02-06T19:25:11","slug":"telefonplan-unha-escola-alternativa-e-sen-aulas-desenada-por-rosan-bosch","status":"publish","type":"post","link":"https:\/\/aulad.com\/blog\/2012\/02\/07\/telefonplan-unha-escola-alternativa-e-sen-aulas-desenada-por-rosan-bosch\/","title":{"rendered":"Telefonplan: unha escola alternativa e sen aulas dese\u00f1ada por Rosan Bosch"},"content":{"rendered":"<p>http:\/\/www.youtube.com\/watch?feature=player_embedded&#038;v=AS2ysXyVRLk#!<\/p>\n<p>Da man do estudo de dese\u00f1o e interiores <a href=\"http:\/\/www.rosanbosch.com\/#\/467365\/\">Rosan Bosch<\/a>, a rede de escolas suecas <a href=\"http:\/\/vittra.se\/\">Vittra<\/a> deu unha volta de rosca ao que a centros docentes do pa\u00eds se refire creando a primeira escola de dese\u00f1o intelixente do mundo.<br \/>\n<em><a href=\"http:\/\/telefonplan.vasakronan.se\/\">Telefonplan<\/a><\/em>, como se fixo chamar este espazo, prop\u00f3n un tipo de educaci\u00f3n biling\u00fce (sueco e ingl\u00e9s) bastante f\u00f3ra do convencional onde as lousas foron substitu\u00eddas por ordenadores port\u00e1tiles e o comedor converteuse nun <em>lunch club<\/em> no que os nenos, ademais de alimentarse, poden realizar case calquera tipo de tarefa.<br \/>\nO modelo de ensino que propo\u00f1en \u00e9 unha educaci\u00f3n baseada na tecnolox\u00eda, a diversi\u00f3n e a creatividade, na que tanto o profesorado coma o alumnado poidan interactuar co \u00e1mbito intentando, \u00e1 s\u00faa vez, que este emule escenas da vida real que sirvan como aprendizaxe para poder desenvolverse nun futuro.<\/p>\n<div id='gallery-1' class='gallery galleryid-1072 gallery-columns-4 gallery-size-thumbnail'><figure class='gallery-item'>\n\t\t\t<div class='gallery-icon landscape'>\n\t\t\t\t<a href='https:\/\/aulad.com\/blog\/wp-content\/uploads\/2012\/02\/Customised-interior-such-as-the-Tree-creates-natural-meetingplaces-and-points-of-reference-in-the-school_Design-RosanBosch_Ph.jpg' rel=\"lightbox[1072]\"><img loading=\"lazy\" decoding=\"async\" width=\"150\" height=\"150\" src=\"https:\/\/aulad.com\/blog\/wp-content\/plugins\/jquery-image-lazy-loading\/images\/grey.gif\" data-original=\"https:\/\/aulad.com\/blog\/wp-content\/uploads\/2012\/02\/Customised-interior-such-as-the-Tree-creates-natural-meetingplaces-and-points-of-reference-in-the-school_Design-RosanBosch_Ph-150x150.jpg\" class=\"lazy attachment-thumbnail size-thumbnail\" alt=\"\" \/><noscript><img loading=\"lazy\" decoding=\"async\" width=\"150\" height=\"150\" src=\"https:\/\/aulad.com\/blog\/wp-content\/uploads\/2012\/02\/Customised-interior-such-as-the-Tree-creates-natural-meetingplaces-and-points-of-reference-in-the-school_Design-RosanBosch_Ph-150x150.jpg\" class=\"attachment-thumbnail size-thumbnail\" alt=\"\" \/><\/noscript><\/a>\n\t\t\t<\/div><\/figure><figure class='gallery-item'>\n\t\t\t<div class='gallery-icon landscape'>\n\t\t\t\t<a href='https:\/\/aulad.com\/blog\/wp-content\/uploads\/2012\/02\/In-the-Conversation-Furniture-you-can-work-both-together-and-alone_Design-RosanBosch_Photo-Kim-Wendt.jpg' rel=\"lightbox[1072]\"><img loading=\"lazy\" decoding=\"async\" width=\"150\" height=\"150\" src=\"https:\/\/aulad.com\/blog\/wp-content\/plugins\/jquery-image-lazy-loading\/images\/grey.gif\" data-original=\"https:\/\/aulad.com\/blog\/wp-content\/uploads\/2012\/02\/In-the-Conversation-Furniture-you-can-work-both-together-and-alone_Design-RosanBosch_Photo-Kim-Wendt-150x150.jpg\" class=\"lazy attachment-thumbnail size-thumbnail\" alt=\"\" \/><noscript><img loading=\"lazy\" decoding=\"async\" width=\"150\" height=\"150\" src=\"https:\/\/aulad.com\/blog\/wp-content\/uploads\/2012\/02\/In-the-Conversation-Furniture-you-can-work-both-together-and-alone_Design-RosanBosch_Photo-Kim-Wendt-150x150.jpg\" class=\"attachment-thumbnail size-thumbnail\" alt=\"\" \/><\/noscript><\/a>\n\t\t\t<\/div><\/figure><figure class='gallery-item'>\n\t\t\t<div class='gallery-icon landscape'>\n\t\t\t\t<a href='https:\/\/aulad.com\/blog\/wp-content\/uploads\/2012\/02\/In-The-Village-the-small-houses-create-room-for-working-in-smaller-groups_Design-RosanBosch_Photo-Kim-Wendt-.jpg' rel=\"lightbox[1072]\"><img loading=\"lazy\" decoding=\"async\" width=\"150\" height=\"150\" src=\"https:\/\/aulad.com\/blog\/wp-content\/plugins\/jquery-image-lazy-loading\/images\/grey.gif\" data-original=\"https:\/\/aulad.com\/blog\/wp-content\/uploads\/2012\/02\/In-The-Village-the-small-houses-create-room-for-working-in-smaller-groups_Design-RosanBosch_Photo-Kim-Wendt--150x150.jpg\" class=\"lazy attachment-thumbnail size-thumbnail\" alt=\"\" \/><noscript><img loading=\"lazy\" decoding=\"async\" width=\"150\" height=\"150\" src=\"https:\/\/aulad.com\/blog\/wp-content\/uploads\/2012\/02\/In-The-Village-the-small-houses-create-room-for-working-in-smaller-groups_Design-RosanBosch_Photo-Kim-Wendt--150x150.jpg\" class=\"attachment-thumbnail size-thumbnail\" alt=\"\" \/><\/noscript><\/a>\n\t\t\t<\/div><\/figure><figure class='gallery-item'>\n\t\t\t<div class='gallery-icon landscape'>\n\t\t\t\t<a href='https:\/\/aulad.com\/blog\/wp-content\/uploads\/2012\/02\/The-Lunch-Club-is-both-a-place-for-working-and-eating_Design-RosanBosch_Photo-Kim-Wendt.jpg' rel=\"lightbox[1072]\"><img loading=\"lazy\" decoding=\"async\" width=\"150\" height=\"150\" src=\"https:\/\/aulad.com\/blog\/wp-content\/plugins\/jquery-image-lazy-loading\/images\/grey.gif\" data-original=\"https:\/\/aulad.com\/blog\/wp-content\/uploads\/2012\/02\/The-Lunch-Club-is-both-a-place-for-working-and-eating_Design-RosanBosch_Photo-Kim-Wendt-150x150.jpg\" class=\"lazy attachment-thumbnail size-thumbnail\" alt=\"\" \/><noscript><img loading=\"lazy\" decoding=\"async\" width=\"150\" height=\"150\" src=\"https:\/\/aulad.com\/blog\/wp-content\/uploads\/2012\/02\/The-Lunch-Club-is-both-a-place-for-working-and-eating_Design-RosanBosch_Photo-Kim-Wendt-150x150.jpg\" class=\"attachment-thumbnail size-thumbnail\" alt=\"\" \/><\/noscript><\/a>\n\t\t\t<\/div><\/figure><figure class='gallery-item'>\n\t\t\t<div class='gallery-icon landscape'>\n\t\t\t\t<a href='https:\/\/aulad.com\/blog\/wp-content\/uploads\/2012\/02\/The-multimedia-house-Chalk-House-and-reading-niche-for-individual-contemplation_Design-RosanBosch_Photo-Kim-Wendt.jpg' rel=\"lightbox[1072]\"><img loading=\"lazy\" decoding=\"async\" width=\"150\" height=\"150\" src=\"https:\/\/aulad.com\/blog\/wp-content\/plugins\/jquery-image-lazy-loading\/images\/grey.gif\" data-original=\"https:\/\/aulad.com\/blog\/wp-content\/uploads\/2012\/02\/The-multimedia-house-Chalk-House-and-reading-niche-for-individual-contemplation_Design-RosanBosch_Photo-Kim-Wendt-150x150.jpg\" class=\"lazy attachment-thumbnail size-thumbnail\" alt=\"\" \/><noscript><img loading=\"lazy\" decoding=\"async\" width=\"150\" height=\"150\" src=\"https:\/\/aulad.com\/blog\/wp-content\/uploads\/2012\/02\/The-multimedia-house-Chalk-House-and-reading-niche-for-individual-contemplation_Design-RosanBosch_Photo-Kim-Wendt-150x150.jpg\" class=\"attachment-thumbnail size-thumbnail\" alt=\"\" \/><\/noscript><\/a>\n\t\t\t<\/div><\/figure><figure class='gallery-item'>\n\t\t\t<div class='gallery-icon landscape'>\n\t\t\t\t<a href='https:\/\/aulad.com\/blog\/wp-content\/uploads\/2012\/02\/The-organic-Sitting-Islands-are-designed-specially-for-the-childrens-work-with-labtops_Design-RosanBosch_Photo-Kim-Wendt.jpg' rel=\"lightbox[1072]\"><img loading=\"lazy\" decoding=\"async\" width=\"150\" height=\"150\" src=\"https:\/\/aulad.com\/blog\/wp-content\/plugins\/jquery-image-lazy-loading\/images\/grey.gif\" data-original=\"https:\/\/aulad.com\/blog\/wp-content\/uploads\/2012\/02\/The-organic-Sitting-Islands-are-designed-specially-for-the-childrens-work-with-labtops_Design-RosanBosch_Photo-Kim-Wendt-150x150.jpg\" class=\"lazy attachment-thumbnail size-thumbnail\" alt=\"\" \/><noscript><img loading=\"lazy\" decoding=\"async\" width=\"150\" height=\"150\" src=\"https:\/\/aulad.com\/blog\/wp-content\/uploads\/2012\/02\/The-organic-Sitting-Islands-are-designed-specially-for-the-childrens-work-with-labtops_Design-RosanBosch_Photo-Kim-Wendt-150x150.jpg\" class=\"attachment-thumbnail size-thumbnail\" alt=\"\" \/><\/noscript><\/a>\n\t\t\t<\/div><\/figure><figure class='gallery-item'>\n\t\t\t<div class='gallery-icon landscape'>\n\t\t\t\t<a href='https:\/\/aulad.com\/blog\/wp-content\/uploads\/2012\/02\/Vittra-Telefonplan-visualisation_Design-RosanBosch_Illustration-VTI-Vistech.jpg' rel=\"lightbox[1072]\"><img loading=\"lazy\" decoding=\"async\" width=\"150\" height=\"150\" src=\"https:\/\/aulad.com\/blog\/wp-content\/plugins\/jquery-image-lazy-loading\/images\/grey.gif\" data-original=\"https:\/\/aulad.com\/blog\/wp-content\/uploads\/2012\/02\/Vittra-Telefonplan-visualisation_Design-RosanBosch_Illustration-VTI-Vistech-150x150.jpg\" class=\"lazy attachment-thumbnail size-thumbnail\" alt=\"\" \/><noscript><img loading=\"lazy\" decoding=\"async\" width=\"150\" height=\"150\" src=\"https:\/\/aulad.com\/blog\/wp-content\/uploads\/2012\/02\/Vittra-Telefonplan-visualisation_Design-RosanBosch_Illustration-VTI-Vistech-150x150.jpg\" class=\"attachment-thumbnail size-thumbnail\" alt=\"\" \/><\/noscript><\/a>\n\t\t\t<\/div><\/figure><figure class='gallery-item'>\n\t\t\t<div class='gallery-icon landscape'>\n\t\t\t\t<a href='https:\/\/aulad.com\/blog\/wp-content\/uploads\/2012\/02\/Window-Pods-with-room-for-individual-work_Design-RosanBosch_Photo-Kim-Wendt.jpg' rel=\"lightbox[1072]\"><img loading=\"lazy\" decoding=\"async\" width=\"150\" height=\"150\" src=\"https:\/\/aulad.com\/blog\/wp-content\/plugins\/jquery-image-lazy-loading\/images\/grey.gif\" data-original=\"https:\/\/aulad.com\/blog\/wp-content\/uploads\/2012\/02\/Window-Pods-with-room-for-individual-work_Design-RosanBosch_Photo-Kim-Wendt-150x150.jpg\" class=\"lazy attachment-thumbnail size-thumbnail\" alt=\"\" \/><noscript><img loading=\"lazy\" decoding=\"async\" width=\"150\" height=\"150\" src=\"https:\/\/aulad.com\/blog\/wp-content\/uploads\/2012\/02\/Window-Pods-with-room-for-individual-work_Design-RosanBosch_Photo-Kim-Wendt-150x150.jpg\" class=\"attachment-thumbnail size-thumbnail\" alt=\"\" \/><\/noscript><\/a>\n\t\t\t<\/div><\/figure>\n\t\t<\/div>\n\n<p>v\u00eda | <a href=\"http:\/\/www.yorokobu.es\">yoroboku<\/a><\/p>\n","protected":false},"excerpt":{"rendered":"<p>http:\/\/www.youtube.com\/watch?feature=player_embedded&#038;v=AS2ysXyVRLk#! Da man do estudo de dese\u00f1o e interiores Rosan Bosch, a rede de escolas suecas Vittra deu unha volta de rosca ao que a centros docentes do pa\u00eds se refire creando a primeira escola de dese\u00f1o intelixente do mundo. Telefonplan, como se fixo chamar este espazo, prop\u00f3n un tipo de educaci\u00f3n biling\u00fce (sueco e [&hellip;]<\/p>\n","protected":false},"author":1,"featured_media":0,"comment_status":"open","ping_status":"open","sticky":false,"template":"","format":"standard","meta":{"footnotes":""},"categories":[18],"tags":[],"_links":{"self":[{"href":"https:\/\/aulad.com\/blog\/wp-json\/wp\/v2\/posts\/1072"}],"collection":[{"href":"https:\/\/aulad.com\/blog\/wp-json\/wp\/v2\/posts"}],"about":[{"href":"https:\/\/aulad.com\/blog\/wp-json\/wp\/v2\/types\/post"}],"author":[{"embeddable":true,"href":"https:\/\/aulad.com\/blog\/wp-json\/wp\/v2\/users\/1"}],"replies":[{"embeddable":true,"href":"https:\/\/aulad.com\/blog\/wp-json\/wp\/v2\/comments?post=1072"}],"version-history":[{"count":20,"href":"https:\/\/aulad.com\/blog\/wp-json\/wp\/v2\/posts\/1072\/revisions"}],"predecessor-version":[{"id":1115,"href":"https:\/\/aulad.com\/blog\/wp-json\/wp\/v2\/posts\/1072\/revisions\/1115"}],"wp:attachment":[{"href":"https:\/\/aulad.com\/blog\/wp-json\/wp\/v2\/media?parent=1072"}],"wp:term":[{"taxonomy":"category","embeddable":true,"href":"https:\/\/aulad.com\/blog\/wp-json\/wp\/v2\/categories?post=1072"},{"taxonomy":"post_tag","embeddable":true,"href":"https:\/\/aulad.com\/blog\/wp-json\/wp\/v2\/tags?post=1072"}],"curies":[{"name":"wp","href":"https:\/\/api.w.org\/{rel}","templated":true}]}}